{"id":935,"date":"2026-08-31T22:48:10","date_gmt":"2026-08-31T20:48:10","guid":{"rendered":"https:\/\/www.parafiaostrog.pl\/?p=935"},"modified":"2026-08-31T22:48:13","modified_gmt":"2026-08-31T20:48:13","slug":"intencje-dla-roz-rozancowych-na-wrzesien-2026","status":"publish","type":"post","link":"https:\/\/www.parafiaostrog.pl\/?p=935","title":{"rendered":"Intencje dla r\u00f3\u017c r\u00f3\u017ca\u0144cowych na wrzesie\u0144 2026"},"content":{"rendered":"\n<p class=\"wp-block-paragraph\">INTENCJA G\u0141\u00d3WNA \u2013 PAPIESKA DLA WSZYSTKICH R\u00d3\u017b:<\/p>\n\n\n\n<p class=\"wp-block-paragraph\">o oszcz\u0119dne gospodarowanie wod\u0105: m\u00f3dlmy si\u0119 o sprawiedliwe i oszcz\u0119dne gospodarowanie niezb\u0119dn\u0105 do \u017cycia wod\u0105 i by wszyscy mieli do niej \u0142atwy dost\u0119p.<\/p>\n\n\n\n<hr class=\"wp-block-separator has-alpha-channel-opacity\"\/>\n\n\n\n<p class=\"wp-block-paragraph\">DODATKOWE INTENCJE DLA POSZCZEG\u00d3LNYCH R\u00d3\u017b:<\/p>\n\n\n\n<ol class=\"wp-block-list\">\n<li>R\u00d3\u017bA \u015aW. TERESKI OD DZIECI\u0104TKA JEZUS<br>modli si\u0119 o powo\u0142ania kap\u0142a\u0144skie, zakonne i misyjne oraz za wywodz\u0105cych si\u0119 z naszej parafii ks. Marcina Ja\u015bkowskiego, s. Nazari\u0119, s. Damaris i s. Hann\u0119.<\/li>\n\n\n\n<li>R\u00d3\u017bA MATKI BOSKIEJ R\u00d3\u017bA\u0143COWEJ<br>modli si\u0119 za misjonarzy o \u0142ask\u0119 otwarcia serc dla ludzi, do kt\u00f3rych pos\u0142ani s\u0105 jako g\u0142osiciele Ewangelii.<\/li>\n\n\n\n<li>R\u00d3\u017bA \u015aW. JANA PAW\u0141A II<br>modli si\u0119 o dary Ducha \u015awi\u0119tego dla dzieci, m\u0142odzie\u017cy, nauczycieli, katechet\u00f3w i rodzic\u00f3w w nowym roku szkolnym i katechetycznym.<\/li>\n\n\n\n<li>R\u00d3\u017bA \u015aW. SIOSTRY FAUSTYNY<br>modli si\u0119 o rozw\u00f3j duchowy i materialny dla naszej Ojczyzny oraz przezwyci\u0119\u017cenie podzia\u0142\u00f3w w spo\u0142ecze\u0144stwie i wzajemn\u0105 mi\u0142o\u015b\u0107.<\/li>\n\n\n\n<li>R\u00d3\u017bA BO\u017bEGO MI\u0141OSIERDZIA<br>modli si\u0119 o dobre prze\u017cycie i obfite owoce jubileuszu 200-lecia powstania \u017bywego R\u00f3\u017ca\u0144ca oraz o rozw\u00f3j duchowy istniej\u0105cych wsp\u00f3lnot.<\/li>\n\n\n\n<li>R\u00d3\u017bA B\u0141. CZES\u0141AWA<br>modli si\u0119 za prze\u015bladowanych na ca\u0142ym \u015bwiecie chrze\u015bcijan, aby niez\u0142omnie \u015bwiadczyli o Chrystusie.<\/li>\n\n\n\n<li>R\u00d3\u017bA \u015aW. OJCA PIO<br>modli si\u0119 o jedno\u015b\u0107, mi\u0142o\u015b\u0107 i trwa\u0142o\u015b\u0107 ma\u0142\u017ce\u0144stw zwi\u0105zanych przysi\u0119g\u0105 sakramentaln\u0105 oraz o \u0142ask\u0119 sakramentu ma\u0142\u017ce\u0144stwa dla par \u017cyj\u0105cych w zwi\u0105zkach niesakramentalnych.<\/li>\n\n\n\n<li>R\u00d3\u017bA \u015aW. JANA BOSKO<br>modli si\u0119 za Ojca \u015awi\u0119tego Leona XIV o potrzebne \u0142aski i \u015bwiat\u0142o Ducha \u015awi\u0119tego w kierowaniu Ko\u015bcio\u0142em Powszechnym.<\/li>\n\n\n\n<li>R\u00d3\u017bA \u015aW. JANA CHRZCICIELA<br>modli si\u0119 za Kap\u0142an\u00f3w pos\u0142uguj\u0105cych w naszej parafii: za ks. Proboszcza Zbigniewa oraz rozpoczynaj\u0105cego prac\u0119 duszpastersk\u0105 w naszej parafii ks. Piotra o Bo\u017ce b\u0142ogos\u0142awie\u0144stwo i opiek\u0119 Matki Bo\u017cej.<\/li>\n\n\n\n<li>R\u00d3\u017bA DEKANALNA \u2013 B\u0141OGOS\u0141AWIONYCH O. MICHA\u0141A TOMASZKA i O. ZBIGNIEWA STRZA\u0141KOWSKIEGO<br>modli si\u0119 za wszystkich Kap\u0142an\u00f3w Diecezji Opolskiej, kt\u00f3rzy zostali pos\u0142ani do nowych parafii i nowych zada\u0144, szczeg\u00f3lnie za Ksi\u0119\u017cy: Piotra Wal\u0119, Marka Ruseckiego i Artura Juzw\u0119 o Bo\u017ce b\u0142ogos\u0142awie\u0144stwo i zdrowie, aby z rado\u015bci\u0105 s\u0142u\u017cyli Bogu i ludziom.<\/li>\n<\/ol>\n","protected":false},"excerpt":{"rendered":"<p>INTENCJA G\u0141\u00d3WNA \u2013 PAPIESKA DLA WSZYSTKICH R\u00d3\u017b: o oszcz\u0119dne gospodarowanie wod\u0105: m\u00f3dlmy si\u0119 o sprawiedliwe i oszcz\u0119dne gospodarowanie niezb\u0119dn\u0105 do \u017cycia wod\u0105 i by wszyscy mieli do niej \u0142atwy dost\u0119p. DODATKOWE INTENCJE DLA POSZCZEG\u00d3LNYCH R\u00d3\u017b:<\/p>\n","protected":false},"author":1,"featured_media":0,"comment_status":"closed","ping_status":"open","sticky":false,"template":"","format":"standard","meta":{"footnotes":""},"categories":[10],"tags":[],"class_list":["post-935","post","type-post","status-publish","format-standard","hentry","category-wydarzenia"],"_links":{"self":[{"href":"https:\/\/www.parafiaostrog.pl\/index.php?rest_route=\/wp\/v2\/posts\/935","targetHints":{"allow":["GET"]}}],"collection":[{"href":"https:\/\/www.parafiaostrog.pl\/index.php?rest_route=\/wp\/v2\/posts"}],"about":[{"href":"https:\/\/www.parafiaostrog.pl\/index.php?rest_route=\/wp\/v2\/types\/post"}],"author":[{"embeddable":true,"href":"https:\/\/www.parafiaostrog.pl\/index.php?rest_route=\/wp\/v2\/users\/1"}],"replies":[{"embeddable":true,"href":"https:\/\/www.parafiaostrog.pl\/index.php?rest_route=%2Fwp%2Fv2%2Fcomments&post=935"}],"version-history":[{"count":1,"href":"https:\/\/www.parafiaostrog.pl\/index.php?rest_route=\/wp\/v2\/posts\/935\/revisions"}],"predecessor-version":[{"id":936,"href":"https:\/\/www.parafiaostrog.pl\/index.php?rest_route=\/wp\/v2\/posts\/935\/revisions\/936"}],"wp:attachment":[{"href":"https:\/\/www.parafiaostrog.pl\/index.php?rest_route=%2Fwp%2Fv2%2Fmedia&parent=935"}],"wp:term":[{"taxonomy":"category","embeddable":true,"href":"https:\/\/www.parafiaostrog.pl\/index.php?rest_route=%2Fwp%2Fv2%2Fcategories&post=935"},{"taxonomy":"post_tag","embeddable":true,"href":"https:\/\/www.parafiaostrog.pl\/index.php?rest_route=%2Fwp%2Fv2%2Ftags&post=935"}],"curies":[{"name":"wp","href":"https:\/\/api.w.org\/{rel}","templated":true}]}}