{"id":931,"date":"2026-08-30T12:04:12","date_gmt":"2026-08-30T10:04:12","guid":{"rendered":"https:\/\/www.parafiaostrog.pl\/?p=931"},"modified":"2026-08-30T13:50:01","modified_gmt":"2026-08-30T11:50:01","slug":"porzadek-nabozenstw-w-dniach-31-08-6-09-2026","status":"publish","type":"post","link":"https:\/\/www.parafiaostrog.pl\/?p=931","title":{"rendered":"Porz\u0105dek nabo\u017ce\u0144stw w dniach 31.08.-6.09.2026"},"content":{"rendered":"\n<p class=\"wp-block-paragraph\"><strong>31.08.2026 &nbsp;&nbsp;&nbsp; PONIEDZIA\u0141EK \u2013 dzie\u0144 powszedni<\/strong><\/p>\n\n\n\n<p class=\"wp-block-paragraph\"><strong>6:45<\/strong> Za + Danut\u0119 Sza\u0142kowsk\u0105 w 2 rocz. \u015bmierci<\/p>\n\n\n\n<p class=\"wp-block-paragraph\"><strong>18:00<\/strong>&nbsp; 1) Za ++ rodzic\u00f3w J\u00f3zef\u0105 i Wilhelma Krybus, ++ dziadk\u00f3w z obu stron, szwagra Helmuta, siostrze\u0144ca Mariana<\/p>\n\n\n\n<p class=\"wp-block-paragraph\">2) Za + J\u00f3zefa Sobieraj w 30 dzie\u0144 po \u015bmierci<\/p>\n\n\n\n<p class=\"wp-block-paragraph\"><\/p>\n\n\n\n<p class=\"wp-block-paragraph\"><strong>01.09.2026&nbsp;&nbsp;&nbsp;&nbsp; WTOREK \u2013 wspomnienie b\u0142. Bronis\u0142awy, dziewicy<\/strong><\/p>\n\n\n\n<p class=\"wp-block-paragraph\"><strong>6:45<\/strong> Za ++ Karola i Zofi\u0119 Jureckich i za + c\u00f3rk\u0119 Lidi\u0119<\/p>\n\n\n\n<p class=\"wp-block-paragraph\"><strong>18:00<\/strong>&nbsp; <strong><em>Msza \u015bw. szkolna na rozpocz\u0119cie roku szkolnego:<\/em><\/strong><\/p>\n\n\n\n<p class=\"wp-block-paragraph\">1) Do Cudownego Pana Jezusa i MB Ostr\u00f3gskiej z podzi\u0119kowaniem za otrzymane \u0142aski, z pro\u015bb\u0105 o dalsze zdrowie i Bo\u017ce b\u0142ogos\u0142awie\u0144stwo w rodzinie Marioli i Rudolfa z okazji 37 rocz. \u015blubu<\/p>\n\n\n\n<p class=\"wp-block-paragraph\">2) Do Bo\u017cej Opatrzno\u015bci z podzi\u0119kowaniem za otrzymane \u0142aski, z pro\u015bb\u0105 o Bo\u017ce b\u0142ogos\u0142awie\u0144stwo, opiek\u0119 MB i zdrowie dla syna Krzysztofa i c\u00f3rki Anny z rodzinami, oraz o opiek\u0119 Anio\u0142a Str\u00f3\u017ca dla wnuczek<\/p>\n\n\n\n<p class=\"wp-block-paragraph\"><em>W czasie Mszy \u015bw. po\u015bwi\u0119cenie tornistr\u00f3w uczni\u00f3w klas I<\/em><\/p>\n\n\n\n<p class=\"wp-block-paragraph\"><\/p>\n\n\n\n<p class=\"wp-block-paragraph\"><strong>02.09.2026&nbsp;&nbsp;&nbsp;&nbsp; \u015aRODA \u2013 dzie\u0144 powszedni<\/strong><\/p>\n\n\n\n<p class=\"wp-block-paragraph\"><strong>6:45<\/strong> Za + Bernarda Otlik, ++ rodzic\u00f3w, ++ te\u015bci\u00f3w i pokrewie\u0144stwo z obu stron<\/p>\n\n\n\n<p class=\"wp-block-paragraph\"><strong>18:00<\/strong>&nbsp; 1) Za + cioci\u0119 Jadwig\u0119 Badurczyk w rocznic\u0119 urodzin<\/p>\n\n\n\n<p class=\"wp-block-paragraph\">2) Za + brata Jerzego Kosmol<\/p>\n\n\n\n<p class=\"wp-block-paragraph\"><\/p>\n\n\n\n<p class=\"wp-block-paragraph\"><strong>03.09.2026&nbsp;&nbsp;&nbsp;&nbsp; I CZWARTEK miesi\u0105ca \u2013 wspomnienie \u015bw. Grzegorza Wielkiego<\/strong><\/p>\n\n\n\n<p class=\"wp-block-paragraph\"><strong>6:45<\/strong>1) Do NSPJ przez Niepokalane Serce NMP o \u015bwi\u0119to\u015b\u0107 \u017cycia i pos\u0142ugi dla kap\u0142an\u00f3w pracuj\u0105cych w naszej parafii oraz o liczne, \u015bwi\u0119te powo\u0142ania kap\u0142a\u0144skie, zakonne i misyjne<\/p>\n\n\n\n<p class=\"wp-block-paragraph\">2) Do Tr\u00f3jcy Przenaj\u015bwi\u0119tszej za wstawiennictwem MB Nieustaj\u0105cej Pomocy w kolejn\u0105 rocz. urodzin Szymona, dzi\u0119kuj\u0105c za odebrane \u0142aski i prosz\u0105c o dalsze Bo\u017ce b\u0142ogos\u0142awie\u0144stwo i zdrowie<\/p>\n\n\n\n<p class=\"wp-block-paragraph\"><strong>18:00<\/strong>\u00a0 1) Za + m\u0119\u017ca Czes\u0142awa Karaszkiewicz w 1 rocz. \u015bmierci<\/p>\n\n\n\n<p class=\"wp-block-paragraph\">2) Za + siostr\u0119 zakonn\u0105 Stefani\u0119 Kuliga oraz za ++ z rodziny Kuliga, Rycerz, Henicz i Urba\u0144skich<\/p>\n\n\n\n<p class=\"wp-block-paragraph\"><\/p>\n\n\n\n<p class=\"wp-block-paragraph\"><strong>04.09.2026&nbsp;&nbsp;&nbsp;&nbsp; I PI\u0104TEK miesi\u0105ca \u2013 dzie\u0144 powszedni<\/strong><\/p>\n\n\n\n<p class=\"wp-block-paragraph\"><strong>6:45<\/strong> Ku czci NSPJ w intencji czcicieli o Bo\u017ce b\u0142ogos\u0142awie\u0144stwo i potrzebne \u0142aski oraz za ++ czcicieli o rado\u015b\u0107 \u017cycia wiecznego<\/p>\n\n\n\n<p class=\"wp-block-paragraph\"><strong>9:30 Msza \u015bw. w DPS \u201eZ\u0142ota Jesie\u0144\u201d<\/strong><\/p>\n\n\n\n<p class=\"wp-block-paragraph\"><strong>18:00<\/strong>&nbsp; 1) Do Bo\u017cej Opatrzno\u015bci z pro\u015bb\u0105 o Bo\u017ce b\u0142ogos\u0142awie\u0144stwo, zdrowie i dary Ducha \u015awi\u0119tego dla dzieci i wnuk\u00f3w<\/p>\n\n\n\n<p class=\"wp-block-paragraph\">2) <strong>Msza \u015bw. zbiorowa za Zmar\u0142ych<\/strong> (intencje sk\u0142adamy w zakrystii)<\/p>\n\n\n\n<p class=\"wp-block-paragraph\"><\/p>\n\n\n\n<p class=\"wp-block-paragraph\"><strong>05.09.2026&nbsp;&nbsp;&nbsp;&nbsp; I SOBOTA miesi\u0105ca \u2013 dzie\u0144 powszedni<\/strong><\/p>\n\n\n\n<p class=\"wp-block-paragraph\"><strong>6:45<\/strong>1) W intencji czcicieli Niepokalanego Serca NMP oraz za ++ czcicieli<\/p>\n\n\n\n<p class=\"wp-block-paragraph\">2) Za ++ rodzic\u00f3w Renat\u0119 i Czes\u0142awa Andryszczak i dusze w czy\u015b\u0107cu cierp.<\/p>\n\n\n\n<p class=\"wp-block-paragraph\"><em>Po Mszy \u015bw. r\u00f3\u017caniec wynagradzaj\u0105cy<\/em><\/p>\n\n\n\n<p class=\"wp-block-paragraph\"><strong>17:00 <em>Adoracja Naj\u015bwi\u0119tszego Sakramentu i spowied\u017a \u015bw.<\/em><\/strong><\/p>\n\n\n\n<p class=\"wp-block-paragraph\"><strong>18:00<\/strong>&nbsp; <em>Msza \u015bw. niedzielna:<\/em><\/p>\n\n\n\n<p class=\"wp-block-paragraph\">Do Bo\u017cej Opatrzno\u015bci z podzi\u0119kowaniem za otrzymane \u0142aski, z pro\u015bb\u0105 o dalsze, Bo\u017ce b\u0142ogos\u0142awie\u0144stwo i zdrowie w rodzinie Agnieszki i \u0141ucjana W\u0119glorz i ich dzieci, oraz w intencji Marzeny i Emilki Nowak, Micha\u0142a Zurman<\/p>\n\n\n\n<p class=\"wp-block-paragraph\"><\/p>\n\n\n\n<p class=\"wp-block-paragraph\"><strong>06.09.2026&nbsp;&nbsp;&nbsp;&nbsp; XXIII NIEDZIELA ZWYK\u0141A \u2013 DO\u017bYNKI<\/strong><\/p>\n\n\n\n<p class=\"wp-block-paragraph\"><strong>7:30<\/strong> Za + Mari\u0119 Seku\u0142a, ++ rodzic\u00f3w Liptak i Seku\u0142a<\/p>\n\n\n\n<p class=\"wp-block-paragraph\"><strong>9:00<\/strong> Do Mi\u0142osierdzia Bo\u017cego o \u0142ask\u0119 \u017cycia wiecznego dla + ojca i dziadka Franciszka Dombek w kol. rocz. \u015bmierci, za + matk\u0119 i babci\u0119 Otyli\u0119, ++ wujk\u00f3w J\u00f3zefa Hesek, Paw\u0142a \u015aliwk\u0119, Lucjana Jaszek, Franciszka Solich, Jana Wranik, Herberta Mika oraz ++ szwagr\u00f3w: Alojza Wyszkon, Karola Teichman<\/p>\n\n\n\n<p class=\"wp-block-paragraph\"><strong>9:30 Msza \u015bw. w DPS \u201eZ\u0142ota Jesie\u0144\u201d<\/strong><\/p>\n\n\n\n<p class=\"wp-block-paragraph\"><strong>10:30&nbsp; 1) DO\u017bYNKOWA:<\/strong> z podzi\u0119kowaniem za zebrane plony, z pro\u015bb\u0105 o Bo\u017c\u0105 opiek\u0119 i zdrowie dla dzia\u0142kowc\u00f3w \u201eROD Ostr\u00f3g\u201d i ich rodzin<\/p>\n\n\n\n<p class=\"wp-block-paragraph\"><strong>2)<\/strong> Za ++ rodzic\u00f3w Helen\u0119 w 10 rocz. \u015bmierci, ojca Leona, ++ braci: Czes\u0142awa i Eugeniusza Ludwikowskich oraz za ++ z rodziny<\/p>\n\n\n\n<p class=\"wp-block-paragraph\"><strong>12:00<\/strong> Za + cioci\u0119 Stefani\u0119 Sznicer, jej rodzic\u00f3w i ++ z ca\u0142ej rodziny<\/p>\n\n\n\n<p class=\"wp-block-paragraph\"><strong>14:00<\/strong> Za ++ syn\u00f3w Marcina i Rafa\u0142a<\/p>\n\n\n\n<p class=\"wp-block-paragraph\"><strong>17:00<\/strong> &nbsp; Za + Bogus\u0142aw\u0119 Senczyna (od siostry Ireny i Wandy)<\/p>\n","protected":false},"excerpt":{"rendered":"<p>31.08.2026 &nbsp;&nbsp;&nbsp; PONIEDZIA\u0141EK \u2013 dzie\u0144 powszedni 6:45 Za + Danut\u0119 Sza\u0142kowsk\u0105 w 2 rocz. \u015bmierci 18:00&nbsp; 1) Za ++ rodzic\u00f3w J\u00f3zef\u0105 i Wilhelma Krybus, ++ dziadk\u00f3w z obu stron, szwagra Helmuta, siostrze\u0144ca Mariana 2) Za + J\u00f3zefa Sobieraj w 30 dzie\u0144 po \u015bmierci 01.09.2026&nbsp;&nbsp;&nbsp;&nbsp; WTOREK \u2013 wspomnienie b\u0142. Bronis\u0142awy, dziewicy 6:45 Za ++ Karola i [&hellip;]<\/p>\n","protected":false},"author":1,"featured_media":0,"comment_status":"closed","ping_status":"open","sticky":false,"template":"","format":"standard","meta":{"footnotes":""},"categories":[9],"tags":[],"class_list":["post-931","post","type-post","status-publish","format-standard","hentry","category-intencje"],"_links":{"self":[{"href":"https:\/\/www.parafiaostrog.pl\/index.php?rest_route=\/wp\/v2\/posts\/931","targetHints":{"allow":["GET"]}}],"collection":[{"href":"https:\/\/www.parafiaostrog.pl\/index.php?rest_route=\/wp\/v2\/posts"}],"about":[{"href":"https:\/\/www.parafiaostrog.pl\/index.php?rest_route=\/wp\/v2\/types\/post"}],"author":[{"embeddable":true,"href":"https:\/\/www.parafiaostrog.pl\/index.php?rest_route=\/wp\/v2\/users\/1"}],"replies":[{"embeddable":true,"href":"https:\/\/www.parafiaostrog.pl\/index.php?rest_route=%2Fwp%2Fv2%2Fcomments&post=931"}],"version-history":[{"count":2,"href":"https:\/\/www.parafiaostrog.pl\/index.php?rest_route=\/wp\/v2\/posts\/931\/revisions"}],"predecessor-version":[{"id":934,"href":"https:\/\/www.parafiaostrog.pl\/index.php?rest_route=\/wp\/v2\/posts\/931\/revisions\/934"}],"wp:attachment":[{"href":"https:\/\/www.parafiaostrog.pl\/index.php?rest_route=%2Fwp%2Fv2%2Fmedia&parent=931"}],"wp:term":[{"taxonomy":"category","embeddable":true,"href":"https:\/\/www.parafiaostrog.pl\/index.php?rest_route=%2Fwp%2Fv2%2Fcategories&post=931"},{"taxonomy":"post_tag","embeddable":true,"href":"https:\/\/www.parafiaostrog.pl\/index.php?rest_route=%2Fwp%2Fv2%2Ftags&post=931"}],"curies":[{"name":"wp","href":"https:\/\/api.w.org\/{rel}","templated":true}]}}