{"id":929,"date":"2026-08-30T11:55:26","date_gmt":"2026-08-30T09:55:26","guid":{"rendered":"https:\/\/www.parafiaostrog.pl\/?p=929"},"modified":"2026-08-30T11:55:29","modified_gmt":"2026-08-30T09:55:29","slug":"ogloszenia-parafialne-30-08-2026","status":"publish","type":"post","link":"https:\/\/www.parafiaostrog.pl\/?p=929","title":{"rendered":"OG\u0141OSZENIA PARAFIALNE, 30.08.2026"},"content":{"rendered":"\n<p class=\"wp-block-paragraph\"><strong>1.<\/strong> <strong>P<\/strong><strong>rze\u017cywamy XXII Niedziel\u0119 Zwyk\u0142\u0105:<\/strong><\/p>\n\n\n\n<ul class=\"wp-block-list\">\n<li><em>B\u00f3g zap\u0142a\u0107<\/em> za kolekt\u0119 na rzecz naszej parafii;<\/li>\n\n\n\n<li><strong>w tym tygodniu pos\u0142ug\u0119 duszpastersk\u0105 na Ostrogu rozpocz\u0105\u0142 nowy wikariusz \u2013 ks. Piotr WALA,<\/strong> kt\u00f3rego serdecznie witamy w naszej parafii i \u017cyczymy obfito\u015bci Bo\u017cych \u0142ask, opieki Matki Bo\u017cej oraz naszego patrona &#8211; \u015bw. Jana Chrzciciela;<\/li>\n\n\n\n<li>zach\u0119camy do nabycia prasy katolickiej. Jest dost\u0119pny: <em>Go\u015b\u0107 Niedzielny<\/em> <strong>(12 z\u0142)<\/strong>, <em>Ma\u0142y Go\u015b\u0107 Niedzielny<\/em> <strong>(10 z\u0142)<\/strong>, <em>Go\u015b\u0107 Extra<\/em> <strong>(16 z\u0142)<\/strong> oraz gazetka parafialna <em>G\u0142os \u015bw. Jana<\/em><strong><em>.<\/em><\/strong><\/li>\n<\/ul>\n\n\n\n<p class=\"wp-block-paragraph\"><strong>2.<\/strong> W poniedzia\u0142ek po wieczornej Mszy \u015bw. (godz. 18.45) odb\u0119dzie si\u0119 <strong>spotkanie parafialnej rady duszpasterskiej<\/strong> na plebanii. Serdecznie zapraszamy wszystkich radnych.<\/p>\n\n\n\n<p class=\"wp-block-paragraph\"><strong>3. We wtorek, 1.09., rozpoczynamy nowy rok szkolny i katechetyczny.<\/strong> Zapraszamy dzieci i m\u0142odzie\u017c na Msz\u0119 \u015bw. szkoln\u0105 o godz. 18.00, podczas kt\u00f3rej pob\u0142ogos\u0142awimy dzieci rozpoczynaj\u0105ce nauk\u0119 w szkole oraz ich tornistry i szkolne przybory.<\/p>\n\n\n\n<p class=\"wp-block-paragraph\"><strong>4. Przypominamy o godzinach otwarcia kancelarii i o spowiedzi \u015bw.:<\/strong><\/p>\n\n\n\n<ul class=\"wp-block-list\">\n<li><strong>kancelaria parafialna<\/strong> jest czynna w poniedzia\u0142ki oraz w czwartki w godz. od 16.30 do 17.30 <em>(pogrzeby mo\u017cna zg\u0142asza\u0107 w ka\u017cdym czasie)<\/em>;<\/li>\n\n\n\n<li><strong>spowied\u017a \u015bw.<\/strong> w tygodniu przed Mszami \u015bw. rano (od 6.30) i wieczorem (od 17.30).<br>W sobot\u0119 od g. 17.00 okazja do spowiedzi \u015bw. i adoracja Naj\u015bwi\u0119tszego Sakramentu.<\/li>\n<\/ul>\n\n\n\n<p class=\"wp-block-paragraph\"><strong>5.<\/strong> <strong>W tym tygodniu przypada I czwartek, I pi\u0105tek<\/strong> oraz <strong>I sobota miesi\u0105ca:<\/strong><\/p>\n\n\n\n<ul class=\"wp-block-list\">\n<li>w I czwartek Msza \u015bw. o g. 6.45 o nowe powo\u0142ania i za powo\u0142anych do S\u0142u\u017cby Bo\u017cej;<\/li>\n\n\n\n<li>w I pi\u0105tek Msza \u015bw. ku czci NSPJ, w intencji czcicieli Serca Jezusowego rano o godz. 6.45, a wieczorem <strong>o godz. 18.00 Msza \u015bw. zbiorowa za Zmar\u0142ych<\/strong> polecanych<em>(intencje sk\u0142adamy przed Msz\u0105 \u015bw. w zakrystii u Pani Ko\u015bcielnej);<\/em><\/li>\n\n\n\n<li>w I sobot\u0119 Msza \u015bw. ku czci Niepokalanego Serca NMP o godz. 6.45 i po niej &#8211; r\u00f3\u017caniec wynagradzaj\u0105cy. <strong>ODWIEDZINY CHORYCH<\/strong> w sobot\u0119 od godz. 8.30.<\/li>\n<\/ul>\n\n\n\n<p class=\"wp-block-paragraph\"><strong>6.<\/strong> W sobot\u0119 o godz. 11.00 w salce przy plebanii <strong>zbi\u00f3rka dla ministrant\u00f3w i lektor\u00f3w.<\/strong><\/p>\n\n\n\n<p class=\"wp-block-paragraph\"><strong>7.<\/strong> <strong>Za tydzie\u0144<\/strong><strong>, 6.09., prze\u017cywa\u0107 b\u0119dziemy XXIII Niedziel\u0119 Zwyk\u0142\u0105:<\/strong><\/p>\n\n\n\n<ul class=\"wp-block-list\">\n<li>kolekta przeznaczona b\u0119dzie na rzecz kurii i seminarium duchownego w Opolu;<\/li>\n\n\n\n<li>po Mszach \u015bw. zbi\u00f3rka do puszek na sprz\u0105tanie ko\u015bcio\u0142a i kwiaty do o\u0142tarzy;<\/li>\n\n\n\n<li>w naszej parafii prze\u017cywa\u0107 b\u0119dziemy <strong><em>do\u017cynki.<\/em><\/strong> Uroczysta Msza \u015bw. w intencji dzia\u0142kowc\u00f3w \u201eROD Ostr\u00f3g\u201d i ich rodzin, z podzi\u0119kowaniem za tegoroczne plony odb\u0119dzie si\u0119 o godz. 10.30;<\/li>\n\n\n\n<li><strong>w tym dniu przypadaj\u0105 r\u00f3wnie\u017c DO\u017bYNKI MIEJSKIE, kt\u00f3re odbywaj\u0105 si\u0119 na P\u0142oni. Z tej racji, o godz. 11.00 uroczysta Msza \u015bw. w ko\u015bciele \u015bw. Paschalisa z korowodem do\u017cynkowym.<\/strong> Szczeg\u00f3\u0142owy program miejskich Do\u017cynek jest wywieszony na tablicy og\u0142osze\u0144 w przedsionku ko\u015bcio\u0142a.<\/li>\n<\/ul>\n\n\n\n<p class=\"wp-block-paragraph\"><strong>8.<\/strong> <strong>Zwi\u0105zek ma\u0142\u017ce\u0144ski maj\u0105 zamiar zawrze\u0107:<\/strong> Justyna ADAMCZYK z Raciborza oraz Patryk Z\u0141OTO\u015a z So\u015bnicowic <em>(zapowied\u017a I).<\/em><\/p>\n\n\n\n<p class=\"wp-block-paragraph\"><strong>9. W czerwcu br. na naszej stronie internetowej<\/strong> <em>(<\/em><em>www.parafiaostrog.pl<\/em><em>)<\/em> <strong>zosta\u0142a uruchomiona zak\u0142adka po\u015bwi\u0119cona cmentarzowi parafialnemu. Mo\u017cna w niej sprawdzi\u0107 informacje dotycz\u0105ce wa\u017cno\u015bci grob\u00f3w oraz wniesionych op\u0142at za miejsca grzebalne.<\/strong> <strong><\/strong>Prosimy wszystkich opiekun\u00f3w grob\u00f3w o zapoznanie si\u0119 z tymi informacjami. W przypadku niejasno\u015bci, w\u0105tpliwo\u015bci czy konieczno\u015bci uregulowania formalno\u015bci, prosimy o kontakt z kancelari\u0105 parafialn\u0105 (poniedzia\u0142ek i czwartek, g. 16.30-17.30).<\/p>\n\n\n\n<p class=\"wp-block-paragraph\"><strong>10. W czwartek, 10.09., w godz. 10.00-14.00<\/strong> w URBAN LAB przy ul. Dworcowej 1 w Raciborzu, <strong>odb\u0119dzie si\u0119 spotkanie \u201eOpieka bez tajemnic\u201d<\/strong> \u2013 spotkanie dla przysz\u0142ych opiekunek, do\u015bwiadczonych opiekun\u00f3w oraz rodzin senior\u00f3w. Dok\u0142adne informacje na plakacie w gablotce przy wyj\u015bciu z ko\u015bcio\u0142a.<\/p>\n","protected":false},"excerpt":{"rendered":"<p>1. Prze\u017cywamy XXII Niedziel\u0119 Zwyk\u0142\u0105: 2. W poniedzia\u0142ek po wieczornej Mszy \u015bw. (godz. 18.45) odb\u0119dzie si\u0119 spotkanie parafialnej rady duszpasterskiej na plebanii. Serdecznie zapraszamy wszystkich radnych. 3. We wtorek, 1.09., rozpoczynamy nowy rok szkolny i katechetyczny. Zapraszamy dzieci i m\u0142odzie\u017c na Msz\u0119 \u015bw. szkoln\u0105 o godz. 18.00, podczas kt\u00f3rej pob\u0142ogos\u0142awimy dzieci rozpoczynaj\u0105ce nauk\u0119 w szkole [&hellip;]<\/p>\n","protected":false},"author":1,"featured_media":0,"comment_status":"closed","ping_status":"open","sticky":false,"template":"","format":"standard","meta":{"footnotes":""},"categories":[8],"tags":[],"class_list":["post-929","post","type-post","status-publish","format-standard","hentry","category-ogloszenia"],"_links":{"self":[{"href":"https:\/\/www.parafiaostrog.pl\/index.php?rest_route=\/wp\/v2\/posts\/929","targetHints":{"allow":["GET"]}}],"collection":[{"href":"https:\/\/www.parafiaostrog.pl\/index.php?rest_route=\/wp\/v2\/posts"}],"about":[{"href":"https:\/\/www.parafiaostrog.pl\/index.php?rest_route=\/wp\/v2\/types\/post"}],"author":[{"embeddable":true,"href":"https:\/\/www.parafiaostrog.pl\/index.php?rest_route=\/wp\/v2\/users\/1"}],"replies":[{"embeddable":true,"href":"https:\/\/www.parafiaostrog.pl\/index.php?rest_route=%2Fwp%2Fv2%2Fcomments&post=929"}],"version-history":[{"count":1,"href":"https:\/\/www.parafiaostrog.pl\/index.php?rest_route=\/wp\/v2\/posts\/929\/revisions"}],"predecessor-version":[{"id":930,"href":"https:\/\/www.parafiaostrog.pl\/index.php?rest_route=\/wp\/v2\/posts\/929\/revisions\/930"}],"wp:attachment":[{"href":"https:\/\/www.parafiaostrog.pl\/index.php?rest_route=%2Fwp%2Fv2%2Fmedia&parent=929"}],"wp:term":[{"taxonomy":"category","embeddable":true,"href":"https:\/\/www.parafiaostrog.pl\/index.php?rest_route=%2Fwp%2Fv2%2Fcategories&post=929"},{"taxonomy":"post_tag","embeddable":true,"href":"https:\/\/www.parafiaostrog.pl\/index.php?rest_route=%2Fwp%2Fv2%2Ftags&post=929"}],"curies":[{"name":"wp","href":"https:\/\/api.w.org\/{rel}","templated":true}]}}