{"id":731,"date":"2026-03-07T09:00:42","date_gmt":"2026-03-07T08:00:42","guid":{"rendered":"https:\/\/www.parafiaostrog.pl\/?p=731"},"modified":"2026-03-07T09:00:48","modified_gmt":"2026-03-07T08:00:48","slug":"ogloszenia-parafialne-8-03-15-03-2026-r","status":"publish","type":"post","link":"https:\/\/www.parafiaostrog.pl\/?p=731","title":{"rendered":"Og\u0142oszenia parafialne 8.03 &#8211; 15.03.2026 r."},"content":{"rendered":"\n<p><strong>1. Prze\u017cywamy dzi\u015b III Niedziel\u0119 Wielkiego Postu:<\/strong><\/p>\n\n\n\n<ul class=\"wp-block-list\">\n<li><em>B\u00f3g zap\u0142a\u0107<\/em> za kolekt\u0119 na rzecz naszej parafii;<\/li>\n\n\n\n<li>wszystkim Paniom z racji Dnia Kobiet \u017cyczymy obfito\u015bci Bo\u017cych \u0142ask, opieki Matki Naj\u015bwi\u0119tszej oraz \u017cyczliwo\u015bci i mi\u0142o\u015bci Waszych Bliskich na co dzie\u0144;<\/li>\n\n\n\n<li>zach\u0119camy do nabycia prasy katolickiej: <em>Go\u015bcia Niedzielnego<\/em> (10 z\u0142), <em>Ma\u0142ego Go\u015bcia Niedzielnego <\/em>(10 z\u0142), <em>Go\u015bcia \u2013 Historii Ko\u015bcio\u0142a<\/em> (14 z\u0142) oraz gazetki parafialnej <em>G\u0142os \u015bw. Jana <\/em>(ofiara dobrowolna na druk gazetek).<\/li>\n<\/ul>\n\n\n\n<p><strong>2. Przez ca\u0142y Wielki Post trwa zbi\u00f3rka artyku\u0142\u00f3w chemicznych oraz produkt\u00f3w \u017cywno\u015bciowych z d\u0142u\u017csz\u0105 dat\u0105 wa\u017cno\u015bci <\/strong>(makarony, herbaty, kawy, m\u0105ki, dobre puszki, s\u0142odycze itd.)<strong> dla potrzebuj\u0105cych i ubo\u017cszych Parafian, <\/strong>kt\u00f3re imprzeka\u017cemy w Wielkim Tygodniu. Dary mo\u017cna sk\u0142ada\u0107 do kosza przy o\u0142tarzu \u015bw. Urbana.<\/p>\n\n\n\n<p><strong>3. <\/strong><strong>Zapraszamy w tym tygodniu na nabo\u017ce\u0144stwa wielkopostne:<\/strong><\/p>\n\n\n\n<ul class=\"wp-block-list\">\n<li><em>Droga Krzy\u017cowa dla dzieci<\/em> we wtorek o 17.30;<\/li>\n\n\n\n<li><em>Droga Krzy\u017cowa dla doros\u0142ych<\/em> <em>(z wypominkami) <\/em>w pi\u0105tek o 17.15;<\/li>\n\n\n\n<li><em>Gorzkie \u017bale z kazaniem pasyjnym<\/em> w niedziel\u0119 o godz. 16.15.<\/li>\n<\/ul>\n\n\n\n<p><strong>4.<\/strong> KANCELARIA PARAFIALNA czynna w poniedzia\u0142ek i czwartek od godz. 16.30<br>do 17.30. W wa\u017cnych sprawach mo\u017cna zg\u0142asza\u0107 si\u0119 bezpo\u015brednio po Mszach \u015bw.<\/p>\n\n\n\n<p><strong>5.<\/strong> Spowied\u017a \u015bw. w tygodniu przed Mszami \u015bw. rano (od 6.30) i wieczorem (od 17.30).<br>W sobot\u0119 od godz. 17.00 okazja do spowiedzi \u015bw. i adoracja Naj\u015bwi\u0119tszego Sakramentu. Bardzo prosimy, by do spowiedzi przychodzi\u0107 wcze\u015bniej, a nie w tzw. \u201eostatnim momencie\u201d, gdy ksi\u0105dz wychodzi z konfesjona\u0142u na Msz\u0119 \u015bw.<\/p>\n\n\n\n<p><strong>6. <\/strong>W sobot\u0119 o godz. 9.00 zbi\u00f3rka dla ministrant\u00f3w i kandydat\u00f3w w salce przy plebanii. Zapraszamy r\u00f3wnie\u017c na zbi\u00f3rk\u0119 wszystkich ch\u0119tnych ch\u0142opc\u00f3w, kt\u00f3rzy chcieliby do\u0142\u0105czy\u0107 do grona ministrant\u00f3w.<\/p>\n\n\n\n<p><strong>7. <\/strong><strong>W przysz\u0142\u0105 niedziel\u0119, 15.03.2026, przypada IV Niedziela Wielkiego Postu. <\/strong>Kolekta przeznaczona b\u0119dzie na rzecz naszej parafii.<strong><\/strong><\/p>\n\n\n\n<p><strong>8. Za tydzie\u0144, w<\/strong>e wtorek (17.03) o godz. 17.00 spotkanie dla rodzic\u00f3w dzieci I-komunijnych w ko\u015bciele. Przynosimy na to spotkanie metryk\u0119 chrztu swojego dziecka, je\u015bli zosta\u0142o ono ochrzczone poza nasz\u0105 parafi\u0105.<\/p>\n\n\n\n<p><strong>9.<\/strong> <strong>Zwi\u0105zek ma\u0142\u017ce\u0144ski maj\u0105 zamiar zawrze\u0107: <\/strong>Zofia ANDRZEJEWSKA z Raciborza oraz Dawid ZI\u0118BA z Raciborza, zapowied\u017a III.<\/p>\n\n\n\n<p><strong>10.<\/strong> <strong>Ekstremalna Droga Krzy\u017cowa to og\u00f3lnopolska inicjatywa religijna, kt\u00f3rej<br>celem jest pog\u0142\u0119bienie wiary przez osobist\u0105 modlitw\u0119, rozwa\u017cania M\u0119ki Pa\u0144skiej oraz podj\u0119cie trudu indywidualnego prze\u017cycia Drogi Krzy\u017cowej noc\u0105.<\/strong> Do\u015bwiadczenie to, oparte na ciszy, skupieniu i ofierze, pomaga wielu wiernym w odnowieniu relacji z Bogiem, odkrycia sensu cierpienia oraz umocnieniu \u017cycia duchowego. Ma miejsce<br>w ostatnich dniach Wielkiego Postu. Z roku na rok inicjatywa ta gromadzi coraz wi\u0119ksz\u0105 liczb\u0119 uczestnik\u00f3w w wielu diecezjach w Polsce, tak\u017ce w naszej diecezji. Biskup opolski Andrzej Czaja bardzo serdecznie zach\u0119ca Duszpasterzy wraz z wiernymi do udzia\u0142u, wspierania, wsp\u00f3\u0142organizowania i promowania tej inicjatywy. <strong>Z Raciborza, Ekstremalna Droga Krzy\u017cowa po raz kolejny wyruszy w pi\u0105tek &#8211; 20 marca 2026 r.<\/strong> Zapraszamy do nocnego przej\u015bcia jednej z trzech tras: na G\u00f3r\u0119 \u015aw. Anny (55 km), do Rud Raciborskich (44 km), p\u0119tla dooko\u0142a Raciborza (43 km). Msza \u015awi\u0119ta na rozpocz\u0119cie tego wydarzenia b\u0119dzie w pi\u0105tek, 20 marca, o godz. 18.00 w parafii NSPJ w Raciborzu. Zapisy na stronie <a href=\"http:\/\/www.edk.org.pl\">www.edk.org.pl<\/a><\/p>\n\n\n\n<p><strong>11. <\/strong>W dniach od 19 do 22 marca 2026 r. prze\u017cywa\u0107 b\u0119dziemy wielkopostne REKOLEKCJE PARAFIALNE, kt\u00f3re poprowadzi ks. dr hab. Pawe\u0142 BRUDEK, profesor Katolickiego Uniwersytetu Lubelskiego. Msze \u015bw. z naukami og\u00f3lnymi b\u0119d\u0105 odprawiane o godz. 8.00 i o godz. 18.00. W niedziel\u0119, 22.03., Msze \u015bw. w zwyk\u0142ym porz\u0105dku<br>z nauk\u0105 ko\u0144cz\u0105c\u0105 tegoroczne rekolekcje i kolekt\u0105 na rzecz ks. Rekolekcjonisty.<\/p>\n\n\n\n<p><strong>12. <\/strong><em>Dom Nadziei<\/em> zach\u0119ca do w\u0142\u0105czenia si\u0119 w zbi\u00f3rk\u0119 pieni\u0119dzy, kt\u00f3re zostan\u0105 przeznaczone na zakup kuchenek gazowych oraz lamp przeno\u015bnych dla mieszka\u0144c\u00f3w Kijowa<br>i os\u00f3b najbardziej potrzebuj\u0105cych w Ukrainie. Wp\u0142at mo\u017cna dokonywa\u0107 na konto Domu Nadziei (nr 86 1240 5178 1111 0010 8711 8310) z dopiskiem \u201epomoc dla Ukrainy\u201d.<\/p>\n","protected":false},"excerpt":{"rendered":"<p>1. Prze\u017cywamy dzi\u015b III Niedziel\u0119 Wielkiego Postu: 2. Przez ca\u0142y Wielki Post trwa zbi\u00f3rka artyku\u0142\u00f3w chemicznych oraz produkt\u00f3w \u017cywno\u015bciowych z d\u0142u\u017csz\u0105 dat\u0105 wa\u017cno\u015bci (makarony, herbaty, kawy, m\u0105ki, dobre puszki, s\u0142odycze itd.) dla potrzebuj\u0105cych i ubo\u017cszych Parafian, kt\u00f3re imprzeka\u017cemy w Wielkim Tygodniu. Dary mo\u017cna sk\u0142ada\u0107 do kosza przy o\u0142tarzu \u015bw. Urbana. 3. Zapraszamy w tym tygodniu [&hellip;]<\/p>\n","protected":false},"author":1,"featured_media":0,"comment_status":"closed","ping_status":"open","sticky":false,"template":"","format":"standard","meta":{"footnotes":""},"categories":[8],"tags":[],"class_list":["post-731","post","type-post","status-publish","format-standard","hentry","category-ogloszenia"],"_links":{"self":[{"href":"https:\/\/www.parafiaostrog.pl\/index.php?rest_route=\/wp\/v2\/posts\/731","targetHints":{"allow":["GET"]}}],"collection":[{"href":"https:\/\/www.parafiaostrog.pl\/index.php?rest_route=\/wp\/v2\/posts"}],"about":[{"href":"https:\/\/www.parafiaostrog.pl\/index.php?rest_route=\/wp\/v2\/types\/post"}],"author":[{"embeddable":true,"href":"https:\/\/www.parafiaostrog.pl\/index.php?rest_route=\/wp\/v2\/users\/1"}],"replies":[{"embeddable":true,"href":"https:\/\/www.parafiaostrog.pl\/index.php?rest_route=%2Fwp%2Fv2%2Fcomments&post=731"}],"version-history":[{"count":1,"href":"https:\/\/www.parafiaostrog.pl\/index.php?rest_route=\/wp\/v2\/posts\/731\/revisions"}],"predecessor-version":[{"id":732,"href":"https:\/\/www.parafiaostrog.pl\/index.php?rest_route=\/wp\/v2\/posts\/731\/revisions\/732"}],"wp:attachment":[{"href":"https:\/\/www.parafiaostrog.pl\/index.php?rest_route=%2Fwp%2Fv2%2Fmedia&parent=731"}],"wp:term":[{"taxonomy":"category","embeddable":true,"href":"https:\/\/www.parafiaostrog.pl\/index.php?rest_route=%2Fwp%2Fv2%2Fcategories&post=731"},{"taxonomy":"post_tag","embeddable":true,"href":"https:\/\/www.parafiaostrog.pl\/index.php?rest_route=%2Fwp%2Fv2%2Ftags&post=731"}],"curies":[{"name":"wp","href":"https:\/\/api.w.org\/{rel}","templated":true}]}}