{"id":729,"date":"2026-03-07T08:59:10","date_gmt":"2026-03-07T07:59:10","guid":{"rendered":"https:\/\/www.parafiaostrog.pl\/?p=729"},"modified":"2026-03-07T08:59:18","modified_gmt":"2026-03-07T07:59:18","slug":"intencje-mszy-swietej-9-03-15-03-2026","status":"publish","type":"post","link":"https:\/\/www.parafiaostrog.pl\/?p=729","title":{"rendered":"Intencje Mszy \u015awi\u0119tej 9.03-15.03.2026"},"content":{"rendered":"\n<p><strong><u>09.03.2026 PONIEDZIA\u0141EK \u2013 dzie\u0144 powszedni<\/u><\/strong><\/p>\n\n\n\n<p><strong>6:45<\/strong> 1) Za + Czes\u0142awa Siklickiego (GREG. XVI)<\/p>\n\n\n\n<p>2) Za + Piotra o rado\u015b\u0107 \u017cycia wiecznego<\/p>\n\n\n\n<p><strong>18:00<\/strong> 1) Za ++ rodzic\u00f3w Konstancj\u0119 i Lucjana, dziadk\u00f3w z obu stron, pokrewie\u0144stwo oraz za dusze w czy\u015b\u0107cu cierpi\u0105ce<\/p>\n\n\n\n<p>2) Za + Ann\u0119 Cicho\u0144 (od s\u0105siad\u00f3w i znajomych z ul. Lotniczej i Cecylii)<\/p>\n\n\n\n<p><strong><u>10.03.2026 WTOREK \u2013 dzie\u0144 powszedni<\/u><\/strong><\/p>\n\n\n\n<p><strong>6:45<\/strong> 1) Za ++ rodzic\u00f3w Ma\u0142gorzat\u0119 i Wincentego Bubul\u00f3w<\/p>\n\n\n\n<p>2) Za + Edeltraud\u0119 Majnusz (od Reginy, Ludmi\u0142y i Edyty)<\/p>\n\n\n\n<p><strong>17:30 Droga krzy\u017cowa dla dzieci<\/strong><\/p>\n\n\n\n<p><strong>18:00<\/strong> 1) Za ++ rodzic\u00f3w Wiktora i Stefani\u0119 Gu\u017cda, ++ dziadk\u00f3w z obu stron<\/p>\n\n\n\n<p>2) Za + Czes\u0142awa Siklickiego (GREG. XVII)<\/p>\n\n\n\n<p><strong><u>11.03.2026 \u015aRODA \u2013 dzie\u0144 powszedni<\/u><\/strong><\/p>\n\n\n\n<p><strong>6:45<\/strong> 1) O rych\u0142\u0105 kanonizacj\u0119 b\u0142. ks. W\u0142adys\u0142awa Bukowi\u0144skiego, w intencji cz\u0142onk\u00f3w Stowarzyszenia Ocalenie i za dzieci nienarodzone<\/p>\n\n\n\n<p>2) Za + \u017con\u0119 Teres\u0119 Kowalewsk\u0105 z okazji rocznicy urodzin<\/p>\n\n\n\n<p><strong>18:00<\/strong> 1) Za + Czes\u0142awa Siklickiego (GREG. XVIII)<\/p>\n\n\n\n<p>2) Za + Jadwig\u0119 Stuka, J\u00f3zef\u0119 i Paw\u0142a Paszek, Agnieszk\u0119 i Jadwig\u0119 Raczek<\/p>\n\n\n\n<p><strong><u>12.03.2026 CZWARTEK \u2013 dzie\u0144 powszedni<\/u><\/strong><\/p>\n\n\n\n<p><strong>6:45<\/strong> 1) Za + Czes\u0142awa Siklickiego (GREG. XIX)<\/p>\n\n\n\n<p>2) Za ++ rodzic\u00f3w Agnieszk\u0119 i Jana Wierzejskich<\/p>\n\n\n\n<p><strong>18:00<\/strong> 1) Za + tat\u0119 J\u00f3zefa Pieruszka z okazji urodzin i w 5 rocz. \u015bmierci, za + mam\u0119 Agnieszk\u0119 Pieruszka<\/p>\n\n\n\n<p>2) Za + Stanis\u0142awa Kolowca (od s\u0105siad\u00f3w z osiedla)<\/p>\n\n\n\n<p><strong><u>13.03.2026 PI\u0104TEK \u2013 dzie\u0144 powszedni<\/u><\/strong><\/p>\n\n\n\n<p><strong>6:45<\/strong> Do Cudownego Pana Jezusa i MB Ostr\u00f3gskiej, za po\u015brednictwem \u015bw. Jana Chrzciciela i \u015bwi\u0119tych Patron\u00f3w, przepraszaj\u0105c za uchybienia, prosz\u0105c o dar nawr\u00f3cenia dla ca\u0142ej parafii<\/p>\n\n\n\n<p><strong>9:30<\/strong> Msza \u015bw. w DPS \u201eZ\u0142ota Jesie\u0144\u201d<\/p>\n\n\n\n<p><strong>12:00<\/strong> R\u00f3\u017caniec fatimski (prowadzony przez Parafian)<\/p>\n\n\n\n<p><strong>17:15<\/strong> <strong>Droga Krzy\u017cowa z wypominkami za Zmar\u0142ych<\/strong><\/p>\n\n\n\n<p><strong>18:00<\/strong> 1) Za + Czes\u0142awa Siklickiego (GREG. XX)<\/p>\n\n\n\n<p>2) Za + Kazimier\u0119 Fedorowicz z okazji ziemskich urodzin (od kuzynki Haliny z rodzin\u0105)<\/p>\n\n\n\n<p><strong><u>14.03.2026 SOBOTA \u2013 dzie\u0144 powszedni<\/u><\/strong><\/p>\n\n\n\n<p><strong>6:45<\/strong> Za + Czes\u0142awa Siklickiego (GREG. XXI)<\/p>\n\n\n\n<p><strong>17:00 Adoracja Naj\u015bwi\u0119tszego Sakramentu i spowied\u017a \u015bw.<\/strong><\/p>\n\n\n\n<p><strong>18:00<\/strong><em> Msza \u015bw. niedzielna:<\/em><\/p>\n\n\n\n<p>1) Za + Roberta Bedrunka oraz ++ rodzic\u00f3w Alojzego i Jadwig\u0119 Bedrunka, ++ te\u015bci\u00f3w Antoniego i Agnieszk\u0119 Siedlaczek<\/p>\n\n\n\n<p>2) Za + cioci\u0119 Zofi\u0119 Ko\u0142odziej, ++ Felicj\u0119, Felixa, Teres\u0119 i Barbar\u0119 Kole\u015bnik, + Henryka Potrackiego<\/p>\n\n\n\n<p><strong><u>15.03.2026 IV NIEDZIELA WIELKIEGO POSTU<\/u><\/strong><\/p>\n\n\n\n<p><strong>7:30<\/strong> Za ++ rodzic\u00f3w Krystyn\u0119 i Helmuta Joszko i za dusze w czy\u015b\u0107cu cierpi\u0105ce<\/p>\n\n\n\n<p><strong>9:00<\/strong> Za ++ rodzic\u00f3w Sylwi\u0119 i Alfreda Mros, ++ dziadk\u00f3w z obu stron oraz za + brata Piotra Mros<\/p>\n\n\n\n<p><strong>9:30<\/strong> Msza \u015bw. w DPS \u201eZ\u0142ota Jesie\u0144\u201d<\/p>\n\n\n\n<p><strong>10:30<\/strong> Do Bo\u017cej Opatrzno\u015bci z podzi\u0119kowaniem za odebrane \u0142aski, z pro\u015bb\u0105 o Bo\u017ce b\u0142ogos\u0142awie\u0144stwo, opiek\u0119 MB, zdrowie, i potrzebne \u0142aski dla \u0141ukasza G\u0142owackiego z okazji urodzin<\/p>\n\n\n\n<p><strong>12:00<\/strong> Do Mi\u0142osierdzia Bo\u017cego za + Kazimierza Wydra, ++ te\u015bci\u00f3w, rodzic\u00f3w, braci, szwagr\u00f3w, + szwagierk\u0119 o rado\u015b\u0107 \u017cycia wiecznego<\/p>\n\n\n\n<p><strong>14:00<\/strong> Za + Jerzego Po\u015bpiech, ++ rodzic\u00f3w, te\u015bci\u00f3w, brata i ca\u0142e pokrewie\u0144stwo<\/p>\n\n\n\n<p><strong>16:15<\/strong> Gorzkie \u017bale z kazaniem pasyjnym<\/p>\n\n\n\n<p><strong>17:00<\/strong> Za + Czes\u0142awa Siklickiego (GREG. XXII)<\/p>\n","protected":false},"excerpt":{"rendered":"<p>09.03.2026 PONIEDZIA\u0141EK \u2013 dzie\u0144 powszedni 6:45 1) Za + Czes\u0142awa Siklickiego (GREG. XVI) 2) Za + Piotra o rado\u015b\u0107 \u017cycia wiecznego 18:00 1) Za ++ rodzic\u00f3w Konstancj\u0119 i Lucjana, dziadk\u00f3w z obu stron, pokrewie\u0144stwo oraz za dusze w czy\u015b\u0107cu cierpi\u0105ce 2) Za + Ann\u0119 Cicho\u0144 (od s\u0105siad\u00f3w i znajomych z ul. Lotniczej i Cecylii) 10.03.2026 [&hellip;]<\/p>\n","protected":false},"author":1,"featured_media":0,"comment_status":"closed","ping_status":"open","sticky":false,"template":"","format":"standard","meta":{"footnotes":""},"categories":[9],"tags":[],"class_list":["post-729","post","type-post","status-publish","format-standard","hentry","category-intencje"],"_links":{"self":[{"href":"https:\/\/www.parafiaostrog.pl\/index.php?rest_route=\/wp\/v2\/posts\/729","targetHints":{"allow":["GET"]}}],"collection":[{"href":"https:\/\/www.parafiaostrog.pl\/index.php?rest_route=\/wp\/v2\/posts"}],"about":[{"href":"https:\/\/www.parafiaostrog.pl\/index.php?rest_route=\/wp\/v2\/types\/post"}],"author":[{"embeddable":true,"href":"https:\/\/www.parafiaostrog.pl\/index.php?rest_route=\/wp\/v2\/users\/1"}],"replies":[{"embeddable":true,"href":"https:\/\/www.parafiaostrog.pl\/index.php?rest_route=%2Fwp%2Fv2%2Fcomments&post=729"}],"version-history":[{"count":1,"href":"https:\/\/www.parafiaostrog.pl\/index.php?rest_route=\/wp\/v2\/posts\/729\/revisions"}],"predecessor-version":[{"id":730,"href":"https:\/\/www.parafiaostrog.pl\/index.php?rest_route=\/wp\/v2\/posts\/729\/revisions\/730"}],"wp:attachment":[{"href":"https:\/\/www.parafiaostrog.pl\/index.php?rest_route=%2Fwp%2Fv2%2Fmedia&parent=729"}],"wp:term":[{"taxonomy":"category","embeddable":true,"href":"https:\/\/www.parafiaostrog.pl\/index.php?rest_route=%2Fwp%2Fv2%2Fcategories&post=729"},{"taxonomy":"post_tag","embeddable":true,"href":"https:\/\/www.parafiaostrog.pl\/index.php?rest_route=%2Fwp%2Fv2%2Ftags&post=729"}],"curies":[{"name":"wp","href":"https:\/\/api.w.org\/{rel}","templated":true}]}}