{"id":451,"date":"2025-03-15T14:30:46","date_gmt":"2025-03-15T13:30:46","guid":{"rendered":"https:\/\/www.nowa.parafiaostrog.pl\/?p=451"},"modified":"2025-12-19T14:31:30","modified_gmt":"2025-12-19T13:31:30","slug":"intencje-dla-roz-rozancowych-marzec-2025","status":"publish","type":"post","link":"https:\/\/www.parafiaostrog.pl\/?p=451","title":{"rendered":"Intencje dla R\u00f3\u017c R\u00f3\u017ca\u0144cowych \u2013 marzec 2025"},"content":{"rendered":"\n<p>1. R\u00d3\u017bA \u015aW. TERESKI OD DZIECI\u0104TKA JEZUS<br>modli si\u0119 o powo\u0142ania kap\u0142a\u0144skie, zakonne i misyjne, szczeg\u00f3lnie z naszej parafii oraz za<br>wywodz\u0105cych si\u0119 z Ostroga Ks. Marcina Ja\u015bkowskiego, S. Nazari\u0119, S. Damaris i S. Hann\u0119.<br>2. R\u00d3\u017bA MATKI BO\u017bEJ R\u00d3\u017bA\u0143COWEJ<br>modli si\u0119 za misjonarzy, aby B\u00f3g wspiera\u0142 ich wysi\u0142ki i trud w s\u0142u\u017cbie Ko\u015bcio\u0142owi.<br>3. R\u00d3\u017bA \u015aW. JANA PAW\u0141A II<br>modli si\u0119 za wszystkie nasze grupy parafialne: Marianki, Ministrant\u00f3w, Szafarzy, R\u00f3\u017ce<br>R\u00f3\u017ca\u0144cowe \u2013 o rozw\u00f3j duchowy i potrzebne \u0142aski.<br>4. R\u00d3\u017bA \u015aW. SIOSTRY FAUSTYNY<br>modli si\u0119 za Episkopat Polski, za wszystkich naszych Biskup\u00f3w, Kap\u0142an\u00f3w i ca\u0142y lud wierny<br>o odwag\u0119 w dawaniu \u015bwiadectwa wiary chrze\u015bcija\u0144skiej i patriotyzmu.<br>5. R\u00d3\u017bA BO\u017bEGO MI\u0141OSIERDZIA<br>modli si\u0119 za wszystkich naszych parafian o pobo\u017cne prze\u017cycie Wielkiego Postu.<br>6. R\u00d3\u017bA B\u0141. CZES\u0141AWA<br>modli si\u0119 o pok\u00f3j na ca\u0142ym \u015bwiecie, o pok\u00f3j w naszych sercach.<br>7. R\u00d3\u017bA \u015aW. OJCA PIO<br>modli si\u0119 za nasz\u0105 Ojczyzn\u0119 Polsk\u0119, aby pozosta\u0142a krajem katolickim, daj\u0105c wszystkim<br>narodom przyk\u0142ad \u017cywej wiary w Chrystusa.<br>8. R\u00d3\u017bA \u015aW. JANA BOSKO<br>modli si\u0119 za Ojca \u015awi\u0119tego Franciszka o zdrowie i wszelkie \u0142aski potrzebne do kierowania<br>Ko\u015bcio\u0142em Chrystusowym.<br>9. R\u00d3\u017bA \u015aW. JANA CHRZCICIELA<br>modli si\u0119 za Kap\u0142an\u00f3w pos\u0142uguj\u0105cych w naszej parafii o \u015bwi\u0119to\u015b\u0107 ich \u017cycia oraz o \u015bwiat\u0142o<br>Ducha \u015awi\u0119tego w pracy duszpasterskiej.<br>10. R\u00d3\u017bA DEKANALNA B\u0141OGOS\u0141AWIONYCH O. MICHA\u0141A TOMASZKA<br>i O. ZBIGNIEWA STRZA\u0141KOWSKIEGO<br>modli si\u0119, aby\u015bmy z pomoc\u0105 naszych b\u0142ogos\u0142awionych Patron\u00f3w, stali si\u0119, szczeg\u00f3lnie w Roku<br>Jubileuszowym, \u015bwiadkami Bo\u017cej Mi\u0142o\u015bci.<br>INTENCJA PAPIESKA \u2013 za rodziny w kryzysie:<br>m\u00f3dlmy si\u0119, aby rodziny dotkni\u0119te podzia\u0142em do\u015bwiadczy\u0142y uzdrawiaj\u0105cej mocy przebaczenia<br>i odkry\u0142y, \u017ce nawet r\u00f3\u017cnice mog\u0105 sta\u0107 si\u0119 bogactwem.<\/p>\n\n\n\n<p><br>********************************************************************************<br>DODATKOWA INTENCJA MODLITEWNA DLA WSZYSTKICH<br>CZ\u0141ONK\u00d3W \u017bYWEGO R\u00d3\u017bA\u0143CA DO MAJA 2025 ROKU:<br>O wyb\u00f3r dobrego Prezydenta RP, kt\u00f3ry b\u0119dzie wierny<br>Bogu, Krzy\u017cowi i Ewangelii.<\/p>\n","protected":false},"excerpt":{"rendered":"<p>1. R\u00d3\u017bA \u015aW. TERESKI OD DZIECI\u0104TKA JEZUSmodli si\u0119 o powo\u0142ania kap\u0142a\u0144skie, zakonne i misyjne, szczeg\u00f3lnie z naszej parafii oraz zawywodz\u0105cych si\u0119 z Ostroga Ks. Marcina Ja\u015bkowskiego, S. Nazari\u0119, S. Damaris i S. Hann\u0119.2. R\u00d3\u017bA MATKI BO\u017bEJ R\u00d3\u017bA\u0143COWEJmodli si\u0119 za misjonarzy, aby B\u00f3g wspiera\u0142 ich wysi\u0142ki i trud w s\u0142u\u017cbie Ko\u015bcio\u0142owi.3. R\u00d3\u017bA \u015aW. JANA PAW\u0141A IImodli [&hellip;]<\/p>\n","protected":false},"author":1,"featured_media":0,"comment_status":"closed","ping_status":"open","sticky":false,"template":"","format":"standard","meta":{"footnotes":""},"categories":[10],"tags":[],"class_list":["post-451","post","type-post","status-publish","format-standard","hentry","category-wydarzenia"],"_links":{"self":[{"href":"https:\/\/www.parafiaostrog.pl\/index.php?rest_route=\/wp\/v2\/posts\/451","targetHints":{"allow":["GET"]}}],"collection":[{"href":"https:\/\/www.parafiaostrog.pl\/index.php?rest_route=\/wp\/v2\/posts"}],"about":[{"href":"https:\/\/www.parafiaostrog.pl\/index.php?rest_route=\/wp\/v2\/types\/post"}],"author":[{"embeddable":true,"href":"https:\/\/www.parafiaostrog.pl\/index.php?rest_route=\/wp\/v2\/users\/1"}],"replies":[{"embeddable":true,"href":"https:\/\/www.parafiaostrog.pl\/index.php?rest_route=%2Fwp%2Fv2%2Fcomments&post=451"}],"version-history":[{"count":1,"href":"https:\/\/www.parafiaostrog.pl\/index.php?rest_route=\/wp\/v2\/posts\/451\/revisions"}],"predecessor-version":[{"id":452,"href":"https:\/\/www.parafiaostrog.pl\/index.php?rest_route=\/wp\/v2\/posts\/451\/revisions\/452"}],"wp:attachment":[{"href":"https:\/\/www.parafiaostrog.pl\/index.php?rest_route=%2Fwp%2Fv2%2Fmedia&parent=451"}],"wp:term":[{"taxonomy":"category","embeddable":true,"href":"https:\/\/www.parafiaostrog.pl\/index.php?rest_route=%2Fwp%2Fv2%2Fcategories&post=451"},{"taxonomy":"post_tag","embeddable":true,"href":"https:\/\/www.parafiaostrog.pl\/index.php?rest_route=%2Fwp%2Fv2%2Ftags&post=451"}],"curies":[{"name":"wp","href":"https:\/\/api.w.org\/{rel}","templated":true}]}}