{"id":438,"date":"2025-10-28T14:22:53","date_gmt":"2025-10-28T13:22:53","guid":{"rendered":"https:\/\/www.nowa.parafiaostrog.pl\/?p=438"},"modified":"2025-12-19T14:23:34","modified_gmt":"2025-12-19T13:23:34","slug":"ogloszenia-parafialne-26-10-2025","status":"publish","type":"post","link":"https:\/\/www.parafiaostrog.pl\/?p=438","title":{"rendered":"Og\u0142oszenia parafialne &#8211; 26.10.2025"},"content":{"rendered":"\n<p><strong>OG\u0141OSZENIA PARAFIALNE<\/strong><\/p>\n\n\n\n<ul class=\"wp-block-list\">\n<li><em>B\u00f3g zap\u0142a\u0107<\/em>\u00a0za z\u0142o\u017cone podczas Mszy \u015bw. ofiary, kt\u00f3re przeznaczone s\u0105 na bie\u017c\u0105ce koszty funkcjonowania naszej parafii;<\/li>\n\n\n\n<li>zach\u0119camy do nabycia:\u00a0<em>Go\u015bcia Niedzielnego<\/em>\u00a0(10 z\u0142), Ma\u0142y Go\u015b\u0107 (7 z\u0142) oraz gazetki parafialnej\u00a0<em>G\u0142os \u015bw. Jana (ofiara dobrowolna na druk gazetek);<\/em><\/li>\n\n\n\n<li>z ty\u0142u ko\u015bcio\u0142a wy\u0142o\u017cyli\u015bmy aktualne ksi\u0105\u017ceczki\u00a0<em>Drogi do Nieba<\/em>, kt\u00f3re powinny s\u0142u\u017cy\u0107 nam do wsp\u00f3lnego \u015bpiewu i modlitwy w ko\u015bciele\u00a0<em>(mo\u017cna z nich korzysta\u0107 w czasie Mszy \u015bw., nabo\u017ce\u0144stw i osobistej modlitwy).<\/em>\u00a0Bardzo prosimy, aby nie zabiera\u0107 ich z ko\u015bcio\u0142a do domu, ale po modlitwie od\u0142o\u017cy\u0107 na miejsce;<\/li>\n\n\n\n<li>ponawiamy nasz\u0105 pro\u015bb\u0119 o pomoc w renowacji parafialnych monstrancji i kielich\u00f3w, poprzez ofiarowanie tzw. \u201ez\u0142omu\u201d z\u0142ota (tzn. pojedynczych kolczyk\u00f3w, nieu\u017cywanych obr\u0105czek, np. zniszczonych lub po zmar\u0142ym wsp\u00f3\u0142ma\u0142\u017conku, porwanych \u0142a\u0144cuszk\u00f3w itd.). Pozwoli nam to wyz\u0142oci\u0107 nasze parafialne paramenty liturgiczne i przywr\u00f3ci\u0107 im dawny blask i pi\u0119kno. Jednocze\u015bnie dzi\u0119kujemy wszystkim, kt\u00f3rzy pozytywnie odpowiedzieli na nasz\u0105 pro\u015bb\u0119. Je\u015bli kto\u015b z Was ma jeszcze ch\u0119\u0107, aby pom\u00f3c parafii w tym wzgl\u0119dzie, bardzo prosimy o kontakt z ks. Proboszczem;<\/li>\n\n\n\n<li>DZI\u0118KUJEMY za \u017cyczliwo\u015b\u0107 i ofiary na rzecz naszej parafii, a panom: Marianowi i Micha\u0142owi &#8211; za ogrom pracy w ogrodzie, przy ko\u015bciele i na starym cmentarzu. Dzi\u0119kujemy rodzinom Macul, P\u0142\u00f3cienniczak, Dowha\u0144, Binek, Pundyk za posprz\u0105tanie ko\u015bcio\u0142a.<\/li>\n<\/ul>\n\n\n\n<ol start=\"2\" class=\"wp-block-list\">\n<li>Bardzo prosimy, by zabra\u0107 tych kartek tylko tyle, ile Wam potrzeba i wype\u0142ni\u0107 je czytelnie \u2013 najlepiej drukowanymi literami. Kartki z imionami i nazwiskami naszych bliskich Zmar\u0142ych b\u0119dziemy odczytywa\u0107 podczas nabo\u017ce\u0144stw r\u00f3\u017ca\u0144cowych w pierwszym tygodniu listopada (od 2 do 8 listopada). Wype\u0142nione wypominki mo\u017cna sk\u0142ada\u0107 w zakrystii lub w kancelarii parafialnej.\u00a0<strong>W zwi\u0105zku ze zbli\u017caj\u0105cym si\u0119 \u015bwi\u0119tem Zmar\u0142ych, przypominamy i bardzo prosimy Was o segregacj\u0119 \u015bmieci na naszym parafialnym cmentarzu i dba\u0142o\u015b\u0107 o porz\u0105dek w tym wzgl\u0119dzie.<\/strong><\/li>\n\n\n\n<li>czynna w poniedzia\u0142ek i czwartek 16.30-17.30; w wa\u017cnych sprawach tak\u017ce po Mszach \u015bw. rano i wieczorem, w dni powszednie.\u00a0<strong>W kancelarii przyjmujemy intencje Mszy \u015bw. na 2026 rok.<\/strong>\u00a0Serdecznie zapraszamy tych, kt\u00f3rzy chc\u0105 zam\u00f3wi\u0107 Msze \u015bw. za \u017cywych i zmar\u0142ych na konkretne terminy. Intencje zapisujemy w poniedzia\u0142ki i czwartki w godzinach kancelaryjnych.<\/li>\n\n\n\n<li>o godz. 18.00 Msza \u015bw. szkolna dla uczni\u00f3w ze szko\u0142y podstawowej.<\/li>\n\n\n\n<li>od poniedzia\u0142ku do soboty o godz. 17.30, w niedziel\u0119 o godz. 16.30.<\/li>\n<\/ol>\n\n\n\n<p><strong>6<\/strong>. W pi\u0105tek&nbsp;<strong>Msza \u015bwi\u0119ta zbiorowa za zmar\u0142ych.<\/strong>&nbsp;Intencje mo\u017cna zg\u0142asza\u0107 w zakrystii.<\/p>\n\n\n\n<ol start=\"7\" class=\"wp-block-list\">\n<li><strong>wolna intencja Mszy \u015awi\u0119tej<\/strong>. Osoby ch\u0119tne zapraszamy do zakrystii.<\/li>\n\n\n\n<li>W tym dniu Msze \u015bw. w naszym ko\u015bciele w porz\u0105dku \u015bwi\u0105tecznym: o godz. 7.30, 9.00, 10.30, 12.00, 14.00 oraz 17.00. O godz. 15.00 zapraszamy na cmentarz parafialny, gdzie odprawimy nabo\u017ce\u0144stwo za Zmar\u0142ych naszych Bliskich. Kolekta w tym dniu na rzecz naszej parafii.\u00a0<strong>Informujemy, \u017ce 1. i 2. listopada nie b\u0119dzie Mszy \u015bw. na cmentarzu \u2013 zapraszamy na Msze \u015bw. do ko\u015bcio\u0142a, kt\u00f3ry jest najbardziej godnym miejscem do sprawowania \u015bwi\u0119tych liturgii.<\/strong><\/li>\n\n\n\n<li>W zwi\u0105zku z tym, pocz\u0105wszy od przysz\u0142ej niedzieli (2.11.), w ka\u017cd\u0105 pierwsz\u0105 niedziel\u0119 miesi\u0105ca po Mszach \u015bw. odb\u0119dzie si\u0119 zbi\u00f3rka do puszek na sprz\u0105tanie naszego ko\u015bcio\u0142a i kwiaty na o\u0142tarze. Dzi\u0119kujemy za zrozumienie i wspieranie inicjatyw parafialnych.<\/li>\n\n\n\n<li><strong>W przysz\u0142\u0105 niedziel\u0119, 2.11, przypada Wspomnienie Wszystkich Wiernych Zmar\u0142ych.\u00a0<\/strong>W tym dniu kolekta na rzecz kurii i seminarium duchownego w Opolu. Po po\u0142udniu, o godz. 16.15 zapraszamy do ko\u015bcio\u0142a na nabo\u017ce\u0144stwo r\u00f3\u017ca\u0144cowe za zmar\u0142ych, kt\u00f3rych polecamy w tegorocznych wypominkach.<\/li>\n\n\n\n<li>Rozpocz\u0119li\u015bmy remont salki parafialnej oraz toalet dla uczestnicz\u0105cych w nabo\u017ce\u0144stwach Parafian i Go\u015bci. W ci\u0105gu najbli\u017cszych tygodni zostanie usuni\u0119ta toaleta przy kaplicy na placu ko\u015bcielnym, a po remoncie b\u0119dziemy mogli korzysta\u0107 z nowych toalet w budynku przy salce parafialnej.<\/li>\n\n\n\n<li>W tym tygodniu odprowadzili\u015bmy na wieczny spoczynek \u015bp. Krystyn\u0119 WENDELIN, lat 89, z ul. Kr\u00f3lewskiej oraz \u015bp. Krystiana ZAKRAJDA, lat 67, z ul. Bosackiej. Polecajmy Ich mi\u0142osierdziu Bo\u017cemu:\u00a0<em>Wieczny odpoczynek racz Im da\u0107, Panie\u2026<\/em><\/li>\n<\/ol>\n","protected":false},"excerpt":{"rendered":"<p>OG\u0141OSZENIA PARAFIALNE 6. W pi\u0105tek&nbsp;Msza \u015bwi\u0119ta zbiorowa za zmar\u0142ych.&nbsp;Intencje mo\u017cna zg\u0142asza\u0107 w zakrystii.<\/p>\n","protected":false},"author":1,"featured_media":0,"comment_status":"closed","ping_status":"open","sticky":false,"template":"","format":"standard","meta":{"footnotes":""},"categories":[8],"tags":[],"class_list":["post-438","post","type-post","status-publish","format-standard","hentry","category-ogloszenia"],"_links":{"self":[{"href":"https:\/\/www.parafiaostrog.pl\/index.php?rest_route=\/wp\/v2\/posts\/438","targetHints":{"allow":["GET"]}}],"collection":[{"href":"https:\/\/www.parafiaostrog.pl\/index.php?rest_route=\/wp\/v2\/posts"}],"about":[{"href":"https:\/\/www.parafiaostrog.pl\/index.php?rest_route=\/wp\/v2\/types\/post"}],"author":[{"embeddable":true,"href":"https:\/\/www.parafiaostrog.pl\/index.php?rest_route=\/wp\/v2\/users\/1"}],"replies":[{"embeddable":true,"href":"https:\/\/www.parafiaostrog.pl\/index.php?rest_route=%2Fwp%2Fv2%2Fcomments&post=438"}],"version-history":[{"count":1,"href":"https:\/\/www.parafiaostrog.pl\/index.php?rest_route=\/wp\/v2\/posts\/438\/revisions"}],"predecessor-version":[{"id":439,"href":"https:\/\/www.parafiaostrog.pl\/index.php?rest_route=\/wp\/v2\/posts\/438\/revisions\/439"}],"wp:attachment":[{"href":"https:\/\/www.parafiaostrog.pl\/index.php?rest_route=%2Fwp%2Fv2%2Fmedia&parent=438"}],"wp:term":[{"taxonomy":"category","embeddable":true,"href":"https:\/\/www.parafiaostrog.pl\/index.php?rest_route=%2Fwp%2Fv2%2Fcategories&post=438"},{"taxonomy":"post_tag","embeddable":true,"href":"https:\/\/www.parafiaostrog.pl\/index.php?rest_route=%2Fwp%2Fv2%2Ftags&post=438"}],"curies":[{"name":"wp","href":"https:\/\/api.w.org\/{rel}","templated":true}]}}