{"id":436,"date":"2025-11-03T14:22:09","date_gmt":"2025-11-03T13:22:09","guid":{"rendered":"https:\/\/www.nowa.parafiaostrog.pl\/?p=436"},"modified":"2025-12-19T14:22:50","modified_gmt":"2025-12-19T13:22:50","slug":"ogloszenia-parafialne-02-11-2025","status":"publish","type":"post","link":"https:\/\/www.parafiaostrog.pl\/?p=436","title":{"rendered":"Og\u0142oszenia parafialne &#8211; 02.11.2025"},"content":{"rendered":"\n<ul class=\"wp-block-list\">\n<li><em>B\u00f3g zap\u0142a\u0107<\/em>\u00a0za z\u0142o\u017cone podczas Mszy \u015bw. ofiary, kt\u00f3re przeznaczone s\u0105 na rzecz kurii i seminarium duchownego w Opolu. Dzi\u015b r\u00f3wnie\u017c po Mszach \u015bw. zbi\u00f3rka do puszek na sprz\u0105tanie naszego ko\u015bcio\u0142a w listopadzie oraz na kwiaty do o\u0142tarzy;<\/li>\n\n\n\n<li>zach\u0119camy do nabycia:\u00a0<em>Go\u015bcia Niedzielnego<\/em>\u00a0(10 z\u0142),\u00a0<em>Go\u015bcia Extra<\/em>\u00a0(14 z\u0142), Ma\u0142ego Go\u015bcia (7 z\u0142) oraz gazetki\u00a0<em>G\u0142os \u015bw. Jana (ofiara dobrowolna na druk gazetek);<\/em><\/li>\n\n\n\n<li>z ty\u0142u ko\u015bcio\u0142a wy\u0142o\u017cyli\u015bmy aktualne ksi\u0105\u017ceczki\u00a0<em>Drogi do Nieba<\/em>, kt\u00f3re maj\u0105 s\u0142u\u017cy\u0107 nam do \u015bpiewu i modlitwy w ko\u015bciele\u00a0<em>(mo\u017cna z nich korzysta\u0107 w czasie Mszy \u015bw., nabo\u017ce\u0144stw i osobistej modlitwy).<\/em>\u00a0Bardzo prosimy, aby nie zabiera\u0107 ich z ko\u015bcio\u0142a do domu, ale po modlitwie od\u0142o\u017cy\u0107 na miejsce (na ostatnie \u0142awki w ko\u015bciele);<\/li>\n\n\n\n<li>DZI\u0118KUJEMY za \u017cyczliwo\u015b\u0107 i ofiary na rzecz naszej parafii, a panom: Marianowi i Micha\u0142owi &#8211; za prac\u0119 w ogrodzie, przy ko\u015bciele i na starym cmentarzu;<\/li>\n\n\n\n<li><strong>w ko\u015bciele wy\u0142o\u017cone s\u0105 kartki na wypominki za Zmar\u0142ych.\u00a0<\/strong>Prosimy, by wype\u0142ni\u0107 je czytelnie \u2013 najlepiej drukowanymi literami. Wype\u0142nione wypominki mo\u017cna sk\u0142ada\u0107 w zakrystii.<strong>Kartki z imionami i nazwiskami naszych bliskich Zmar\u0142ych b\u0119d\u0105 odczytywane podczas nabo\u017ce\u0144stw r\u00f3\u017ca\u0144cowych (od 2 do 9 listopada). Dzi\u015b r\u00f3\u017caniec za Zmar\u0142ych o godz. 16.15, a w kolejne dni o godz. 17.15;<\/strong><\/li>\n\n\n\n<li>wierni, kt\u00f3rzy nawiedz\u0105 ko\u015bci\u00f3\u0142, kaplic\u0119 publiczn\u0105 lub p\u00f3\u0142publiczn\u0105 w uroczysto\u015b\u0107 Wszystkich \u015awi\u0119tych od po\u0142udnia i w dniu Wspomnienia Wszystkich Wiernych Zmar\u0142ych, mog\u0105 dost\u0105pi\u0107 odpustu zupe\u0142nego za zmar\u0142ych. Mo\u017cna go uzyska\u0107 tylko jeden raz w ci\u0105gu dnia. Warunki: modlitwa\u00a0<em>Ojcze nasz<\/em>,\u00a0<em>Wierz\u0119<\/em>\u00a0i dowolna modlitwa w intencjach Ojca \u015awi\u0119tego; przyst\u0105pienie do sakramentu pokuty i przyj\u0119cie Komunii \u015bwi\u0119tej. Wierni, kt\u00f3rzy nawiedz\u0105 cmentarz w dniach od 1 do 8 listopada i pomodl\u0105 si\u0119 cho\u0107by w my\u015bli za zmar\u0142ych, mog\u0105 uzyska\u0107 dla nich odpust zupe\u0142ny.<\/li>\n<\/ul>\n\n\n\n<ol start=\"2\" class=\"wp-block-list\">\n<li>czynna w poniedzia\u0142ek i czwartek 16.30-17.30; w wa\u017cnych sprawach tak\u017ce po Mszach \u015bw. rano i wieczorem, w dni powszednie.\u00a0<strong>W kancelarii przyjmujemy intencje Mszy \u015bw. na 2026 rok.<\/strong><\/li>\n\n\n\n<li>W poniedzia\u0142ek po wieczornej Mszy \u015bw. spotkanie formacyjne R\u00f3\u017c R\u00f3\u017ca\u0144cowych.<\/li>\n\n\n\n<li>W tym tygodniu prze\u017cywamy I czwartek i I pi\u0105tek miesi\u0105ca.<\/li>\n\n\n\n<li>W sobot\u0119, 8. listopada:<\/li>\n<\/ol>\n\n\n\n<ul class=\"wp-block-list\">\n<li>od godz. 8.00 odwiedziny chorych i senior\u00f3w naszej parafii;<\/li>\n\n\n\n<li>o godz. 10.00 spotkanie lektor\u00f3w, ministrant\u00f3w i kandydat\u00f3w do LSO;<\/li>\n\n\n\n<li>o godz. 11.00 zbi\u00f3rka Dzieci Maryi i kandydatek do tej grupy;<\/li>\n\n\n\n<li>od godz. 17.00 adoracja Naj\u015bwi\u0119tszego Sakramenty i okazja do spowiedzi;<\/li>\n\n\n\n<li>o godz. 20.00 m\u0142odzie\u017c od kl. 8 zapraszamy na czuwanie dla klasztoru Annutiata.<\/li>\n<\/ul>\n\n\n\n<ol start=\"6\" class=\"wp-block-list\">\n<li>W przysz\u0142\u0105 niedziel\u0119, 9 listopada, po raz 17. b\u0119dziemy obchodzi\u0107\u00a0<strong>Dzie\u0144 Solidarno\u015bci z Ko\u015bcio\u0142em Prze\u015bladowanym.<\/strong>\u00a0W tym roku nasz\u0105 solidarno\u015b\u0107 z mieszka\u0144cami Nigerii zechciejmy okaza\u0107 modlitw\u0105 i pomoc\u0105 finansow\u0105. Kolekta b\u0119dzie przeznaczona na ten cel oraz bie\u017c\u0105ce koszty funkcjonowania naszej parafii.<\/li>\n\n\n\n<li>W tym tygodniu odprowadzili\u015bmy na wieczny spoczynek \u015bp. W\u0142adys\u0142aw\u0119 MOGIELSK\u0104, lat 88, z ul. Przejazdowej oraz \u015bp. Ew\u0119 GRACA, lat 54, z ul. Grzonki (DPS Z\u0142ota Jesie\u0144). Polecajmy Je mi\u0142osierdziu Bo\u017cemu:\u00a0<em>Wieczny odpoczynek racz Im da\u0107, Panie\u2026<\/em><\/li>\n<\/ol>\n","protected":false},"excerpt":{"rendered":"","protected":false},"author":1,"featured_media":0,"comment_status":"closed","ping_status":"open","sticky":false,"template":"","format":"standard","meta":{"footnotes":""},"categories":[8],"tags":[],"class_list":["post-436","post","type-post","status-publish","format-standard","hentry","category-ogloszenia"],"_links":{"self":[{"href":"https:\/\/www.parafiaostrog.pl\/index.php?rest_route=\/wp\/v2\/posts\/436","targetHints":{"allow":["GET"]}}],"collection":[{"href":"https:\/\/www.parafiaostrog.pl\/index.php?rest_route=\/wp\/v2\/posts"}],"about":[{"href":"https:\/\/www.parafiaostrog.pl\/index.php?rest_route=\/wp\/v2\/types\/post"}],"author":[{"embeddable":true,"href":"https:\/\/www.parafiaostrog.pl\/index.php?rest_route=\/wp\/v2\/users\/1"}],"replies":[{"embeddable":true,"href":"https:\/\/www.parafiaostrog.pl\/index.php?rest_route=%2Fwp%2Fv2%2Fcomments&post=436"}],"version-history":[{"count":1,"href":"https:\/\/www.parafiaostrog.pl\/index.php?rest_route=\/wp\/v2\/posts\/436\/revisions"}],"predecessor-version":[{"id":437,"href":"https:\/\/www.parafiaostrog.pl\/index.php?rest_route=\/wp\/v2\/posts\/436\/revisions\/437"}],"wp:attachment":[{"href":"https:\/\/www.parafiaostrog.pl\/index.php?rest_route=%2Fwp%2Fv2%2Fmedia&parent=436"}],"wp:term":[{"taxonomy":"category","embeddable":true,"href":"https:\/\/www.parafiaostrog.pl\/index.php?rest_route=%2Fwp%2Fv2%2Fcategories&post=436"},{"taxonomy":"post_tag","embeddable":true,"href":"https:\/\/www.parafiaostrog.pl\/index.php?rest_route=%2Fwp%2Fv2%2Ftags&post=436"}],"curies":[{"name":"wp","href":"https:\/\/api.w.org\/{rel}","templated":true}]}}