{"id":434,"date":"2025-11-17T14:20:45","date_gmt":"2025-11-17T13:20:45","guid":{"rendered":"https:\/\/www.nowa.parafiaostrog.pl\/?p=434"},"modified":"2025-12-19T14:22:03","modified_gmt":"2025-12-19T13:22:03","slug":"ogloszenia-parafialne-16-11-2025","status":"publish","type":"post","link":"https:\/\/www.parafiaostrog.pl\/?p=434","title":{"rendered":"Og\u0142oszenia parafialne &#8211; 16.11.2025"},"content":{"rendered":"\n<ul class=\"wp-block-list\">\n<li>B\u00f3g zap\u0142a\u0107 za kolekt\u0119 na rzecz naszej parafii oraz na remont katedry opolskiej;<\/li>\n\n\n\n<li><strong>w naszej wsp\u00f3lnocie go\u015bcimy ojca Micha\u0142a, Misjonarza Oblata Maryi Niepokalanej. B\u00f3g zap\u0142a\u0107 za wyg\u0142oszone S\u0142owo Bo\u017ce.\u00a0<\/strong>Po Mszach \u015bw., przed ko\u015bcio\u0142em, b\u0119dzie rozprowadza\u0142 kalendarze Misyjne na rok 2026. Ofiary z\u0142o\u017cone przy tej okazji, s\u0105 przeznaczone na misyjn\u0105 dzia\u0142alno\u015b\u0107 Misjonarzy Oblat\u00f3w Maryi Niepokalanej;<\/li>\n\n\n\n<li>dzi\u015b przypada IX \u015awiatowy Dzie\u0144 Ubogich, kt\u00f3remu towarzyszy has\u0142o: \u201eTy jeste\u015b moj\u0105 nadziej\u0105\u201d. Z tej okazji w intencji os\u00f3b ubogich i potrzebuj\u0105cych, o godz. 12.00 w ko\u015bciele pw. \u015bw. Wojciecha i Matki Bo\u017cej Bolesnej w Opolu, biskup opolski Andrzej Czaja b\u0119dzie sprawowa\u0142 Msz\u0119 \u015bw. i wyg\u0142osi s\u0142owo Bo\u017ce. Jednocze\u015bnie biskup Andrzej Czaja zach\u0119ca wszystkich diecezjan, aby obj\u0105\u0107 modlitw\u0105 osoby ubogie i potrzebuj\u0105ce, a tak\u017ce, na miar\u0119 swoich mo\u017cliwo\u015bci, zorganizowa\u0107 dla nich konkretn\u0105 pomoc. Pi\u0119knym gestem solidarno\u015bci mo\u017ce sta\u0107 si\u0119 wsparcie finansowe na rzecz Dom\u00f3w Nadziei w Opolu i Dylakach, kt\u00f3re prowadzi s. M. Aldona Skrzypiec SSpS, ja\u0142mu\u017cnik biskupa opolskiego. Mo\u017cna je wesprze\u0107 poprzez wp\u0142aty na diecezjalne konto: 86 1240 5178 1111 0010 8711 8310 z dopiskiem \u201ena potrzeby ubogich\u201d;<\/li>\n\n\n\n<li>zach\u0119camy do nabycia prasy:\u00a0<em>Go\u015bcia Niedzielnego<\/em>\u00a0(10 z\u0142),\u00a0<em>Go\u015bcia &#8211; Historia Ko\u015bcio\u0142a<\/em>\u00a0(14 z\u0142) oraz gazetki\u00a0<em>G\u0142os \u015bw. Jana (ofiara dobrowolna na druk gazetek);<\/em><\/li>\n\n\n\n<li>zapraszamy na spotkanie popielgrzymkowe pieszych pielgrzym\u00f3w do Cz\u0119stochowy, kt\u00f3re odb\u0119dzie si\u0119 o godz. 15.00 w Diecezjalnym Domu Formacyjnym w Raciborzu-Miedoni. W programie nabo\u017ce\u0144stwo i po nim spotkanie. Zaproszenie jest kierowane r\u00f3wnie\u017c do os\u00f3b, kt\u00f3re nie by\u0142y na pielgrzymce do Cz\u0119stochowy;<\/li>\n\n\n\n<li>po po\u0142udniu, o godz. 16.30, NIESZPORY NIEDZIELNE;<\/li>\n\n\n\n<li>zapraszamy do parafii NSPJ na\u00a0<em>Raciborski Wiecz\u00f3r Uwielbienia<\/em>\u00a0o godz. 19.30;<\/li>\n\n\n\n<li>dzi\u0119kujemy za \u017cyczliwo\u015b\u0107 i ofiary na rzecz naszej parafii, a szczeg\u00f3lnie panom: Marianowi i Micha\u0142owi &#8211; za ich prac\u0119 przy ko\u015bciele i na starym cmentarzu.<\/li>\n<\/ul>\n\n\n\n<ol start=\"2\" class=\"wp-block-list\">\n<li>czynna w poniedzia\u0142ek i czwartek 16.30-17.30, w wa\u017cnych sprawach tak\u017ce po Mszach \u015bw. rano i wieczorem (w dni powszednie). W kancelarii przyjmujemy intencje Mszy \u015bw. na 2026 rok.<\/li>\n\n\n\n<li><em>(w tym czasie adoracja naj\u015bwi\u0119tszego Sakramentu).<\/em><\/li>\n<\/ol>\n\n\n\n<ol start=\"4\" class=\"wp-block-list\">\n<li>We wtorek, 18.11., o godz. 18.00 Msza \u015bw. szkolna. R\u00f3wnie\u017c we wtorek Ruch Czystych Serc zaprasza na sEucharysti\u0119 o godz. 18:00 \u00a0w par. NSPJ, a po niej konferencja ks. Jerzego Molewskiego, moderatora Ruchu.<\/li>\n<\/ol>\n\n\n\n<ul class=\"wp-block-list\">\n<li>we wtorek, kl. 6<\/li>\n\n\n\n<li>w czwartek, kl. 7<\/li>\n\n\n\n<li>w pi\u0105tek kl. 8.<\/li>\n<\/ul>\n\n\n\n<ol start=\"6\" class=\"wp-block-list\">\n<li>Zwi\u0105zek ma\u0142\u017ce\u0144ski maj\u0105 zamiar zawrze\u0107: Adam GADOMSKI z Sosnowca oraz Julia ZIENIEWICZ z Sosnowca, zapowied\u017a I.<\/li>\n\n\n\n<li>W sobot\u0119, 22. listopada, zapraszamy na spotkania:<\/li>\n<\/ol>\n\n\n\n<ul class=\"wp-block-list\">\n<li>o godz. 9.00 lektor\u00f3w, ministrant\u00f3w i kandydat\u00f3w do LSO;<\/li>\n\n\n\n<li>o godz. 10.00 Dzieci Maryi i kandydatki.<\/li>\n<\/ul>\n\n\n\n<ol start=\"8\" class=\"wp-block-list\">\n<li><strong>W przysz\u0142\u0105 niedziel\u0119, 23 listopada, przypada uroczysto\u015b\u0107 Jezusa Chrystusa, Kr\u00f3la Wszech\u015bwiata:<\/strong><\/li>\n<\/ol>\n\n\n\n<ul class=\"wp-block-list\">\n<li>kolekta przeznaczona b\u0119dzie na rzecz naszej parafii;<\/li>\n\n\n\n<li>o godz. 12:00 uroczysta Msza \u015awi\u0119ta w intencji Liturgicznej S\u0142u\u017cby O\u0142tarza naszej parafii. Zapraszamy do udzia\u0142u tak\u017ce rodzic\u00f3w i bliskich kandydat\u00f3w, ministrant\u00f3w i lektor\u00f3w, a wszystkich prosimy o modlitw\u0119 o nowych ministrant\u00f3w.<\/li>\n<\/ul>\n\n\n\n<ol start=\"9\" class=\"wp-block-list\">\n<li>ju\u017c dzisiaj zaprasza na rekolekcje Remont Ma\u0142\u017ce\u0144ski, kt\u00f3re poprowadzi ks. Marek Drzewiecki. Odb\u0119d\u0105 si\u0119 one 5-7 grudnia w ko\u015bciele NSJP w Raciborzu.<\/li>\n\n\n\n<li>W minionym tygodniu odprowadzili\u015bmy na wieczny spoczynek \u015bp. J\u00f3zefa KRZYNOWY, kt\u00f3ry prze\u017cy\u0142 83 lata, mieszka\u0142 przy ul. Segeta.\u00a0<strong>Zmar\u0142a nasza parafianka, \u015bp. Jadwiga ZAJ\u0104C, kt\u00f3ra prze\u017cy\u0142a 74 lata, mieszka\u0142a przy ul. Huzarskiej.<\/strong>\u00a0Jej pogrzeb w poniedzia\u0142ek, 17.11., o godz. 11.00. Polecajmy J\u0105 mi\u0142osierdziu Bo\u017cemu:\u00a0<em>Wieczny odpoczynek racz Im da\u0107, Panie\u2026<\/em><\/li>\n<\/ol>\n","protected":false},"excerpt":{"rendered":"","protected":false},"author":1,"featured_media":0,"comment_status":"closed","ping_status":"open","sticky":false,"template":"","format":"standard","meta":{"footnotes":""},"categories":[8],"tags":[],"class_list":["post-434","post","type-post","status-publish","format-standard","hentry","category-ogloszenia"],"_links":{"self":[{"href":"https:\/\/www.parafiaostrog.pl\/index.php?rest_route=\/wp\/v2\/posts\/434","targetHints":{"allow":["GET"]}}],"collection":[{"href":"https:\/\/www.parafiaostrog.pl\/index.php?rest_route=\/wp\/v2\/posts"}],"about":[{"href":"https:\/\/www.parafiaostrog.pl\/index.php?rest_route=\/wp\/v2\/types\/post"}],"author":[{"embeddable":true,"href":"https:\/\/www.parafiaostrog.pl\/index.php?rest_route=\/wp\/v2\/users\/1"}],"replies":[{"embeddable":true,"href":"https:\/\/www.parafiaostrog.pl\/index.php?rest_route=%2Fwp%2Fv2%2Fcomments&post=434"}],"version-history":[{"count":1,"href":"https:\/\/www.parafiaostrog.pl\/index.php?rest_route=\/wp\/v2\/posts\/434\/revisions"}],"predecessor-version":[{"id":435,"href":"https:\/\/www.parafiaostrog.pl\/index.php?rest_route=\/wp\/v2\/posts\/434\/revisions\/435"}],"wp:attachment":[{"href":"https:\/\/www.parafiaostrog.pl\/index.php?rest_route=%2Fwp%2Fv2%2Fmedia&parent=434"}],"wp:term":[{"taxonomy":"category","embeddable":true,"href":"https:\/\/www.parafiaostrog.pl\/index.php?rest_route=%2Fwp%2Fv2%2Fcategories&post=434"},{"taxonomy":"post_tag","embeddable":true,"href":"https:\/\/www.parafiaostrog.pl\/index.php?rest_route=%2Fwp%2Fv2%2Ftags&post=434"}],"curies":[{"name":"wp","href":"https:\/\/api.w.org\/{rel}","templated":true}]}}