{"id":430,"date":"2025-11-30T14:18:50","date_gmt":"2025-11-30T13:18:50","guid":{"rendered":"https:\/\/www.nowa.parafiaostrog.pl\/?p=430"},"modified":"2025-12-19T14:24:09","modified_gmt":"2025-12-19T13:24:09","slug":"ogloszenia-parafialne-30-11-2025","status":"publish","type":"post","link":"https:\/\/www.parafiaostrog.pl\/?p=430","title":{"rendered":"Og\u0142oszenia parafialne &#8211; 30.11.2025"},"content":{"rendered":"\n<p><strong>1. Prze\u017cywamy dzi\u015b I Niedziel\u0119 Adwentu:<\/strong><\/p>\n\n\n\n<ul class=\"wp-block-list\">\n<li>Ko\u015bci\u00f3\u0142 w Polsce rozpoczyna realizacj\u0119 programu duszpasterskiego zatytu\u0142owanego \u00abUczniowie-misjonarze\u00bb. Stanowi on kontynuacj\u0119 program\u00f3w duszpasterskich realizowanych w latach 2022-2025, kt\u00f3re nawi\u0105zywa\u0142y do Synodu o synodalno\u015bci i wezwania Papie\u017ca Franciszka do podj\u0119cia dzie\u0142a odnowy Ko\u015bcio\u0142a oraz do Roku \u015awi\u0119tego 2025 i wynikaj\u0105cego z niego zadania ludzi wierz\u0105cych \u2013 stawania si\u0119 znakami nadziei dla cz\u0142owieka i \u015bwiata;<\/li>\n\n\n\n<li>B\u00f3g zap\u0142a\u0107 za kolekt\u0119 na rzecz naszej parafii;<\/li>\n\n\n\n<li>zach\u0119camy do nabycia prasy:\u00a0<em>Go\u015bcia Niedzielnego<\/em>\u00a0(10 z\u0142) oraz gazetki\u00a0<em>G\u0142os \u015bw. Jana (ofiara dobrowolna na druk gazetek);<\/em><\/li>\n\n\n\n<li>po po\u0142udniu o godz. 16.30 zapraszamy na nabo\u017ce\u0144stwo adwentowe;<\/li>\n\n\n\n<li>dzi\u0119kujemy za \u017cyczliwo\u015b\u0107 i ofiary na rzecz naszej parafii, a szczeg\u00f3lnie panom: Marianowi i Micha\u0142owi &#8211; za ich prac\u0119 przy ko\u015bciele i na starym cmentarzu;<\/li>\n\n\n\n<li><strong>I Niedziel\u0105 Adwentu rozpoczynamy w naszej diecezji 32. edycj\u0119 Wigilijnego Dzie\u0142a Pomocy Dzieciom.<\/strong>\u00a0Zapalona du\u017ca lub ma\u0142a \u015bwieca niezmiennie wyra\u017ca nasz\u0105 gotowo\u015b\u0107 do przyj\u0119cia Chrystusa w osobach, kt\u00f3re potrzebuj\u0105 pomocy. Pieni\u0105dze, kt\u00f3re Caritas pozyska ze \u015bwiec, przeznaczone b\u0119d\u0105 na projekty pomocowe dla dzieci zg\u0142oszone przez Parafialne Zespo\u0142y Caritas w ramach Konkursu na wyobra\u017ani\u0119 mi\u0142osierdzia. W tym roku cena wigilijnych \u015bwiec wynosi: ma\u0142a \u015bwieca 7 z\u0142, du\u017ca \u015bwieca 15 z\u0142.\u00a0<strong>\u015awiece Wigilijnego Dzie\u0142a Pomocy Dzieciom oraz op\u0142atki wigilijne\u00a0<\/strong><em>(ofiara dobrowolna)<\/em><strong>\u00a0mo\u017cna naby\u0107 po wieczornych Mszach \u015bw. roratnich.<\/strong><\/li>\n<\/ul>\n\n\n\n<p>&nbsp;<strong>2.<\/strong>&nbsp;Od poniedzia\u0142ku, 1.12., zaczynamy RORATY:<\/p>\n\n\n\n<ul class=\"wp-block-list\">\n<li><strong>roraty dla dzieci\u00a0<\/strong>b\u0119d\u0105 od poniedzia\u0142ku do pi\u0105tku o godz. 17.00;<\/li>\n\n\n\n<li><strong>roraty dla doros\u0142ych\u00a0<\/strong>w \u015brody i soboty o godz. 6.45.<\/li>\n<\/ul>\n\n\n\n<p>UWAGA! Przypominamy, \u017ce wieczorne Msze \u015bw. od poniedzia\u0142ku do pi\u0105tku w czasie adwentu b\u0119d\u0105 odprawiane o godz. 17.00 (w soboty o godz. 18.00), w zwi\u0105zku z tym:<\/p>\n\n\n\n<ul class=\"wp-block-list\">\n<li>KANCELARIA PARAFIALNA czynna w poniedzia\u0142ek i czwartek 15.30-16.30, w wa\u017cnych sprawach tak\u017ce po Mszach \u015bw. rano i wieczorem (w dni powszednie);<\/li>\n\n\n\n<li>okazja do spowiedzi \u015bw. w dni powszednie codziennie przed Mszami \u015bw. porannymi od godz. 6.30, wieczornymi &#8211; od godz. 16.30. W sobot\u0119 spowied\u017a \u015bw. od godz. 17.00<em>(w tym czasie adoracja naj\u015bwi\u0119tszego Sakramentu).<\/em><\/li>\n<\/ul>\n\n\n\n<ol start=\"3\" class=\"wp-block-list\">\n<li>W poniedzia\u0142ek po Mszy \u015bw. wieczornej\u00a0<strong>spotkanie dla r\u00f3\u017c r\u00f3\u017ca\u0144cowych<\/strong>\u00a0w ko\u015bciele.<\/li>\n\n\n\n<li>We wtorek o godz. 17.00 Msza \u015bw. szkolna \u2013 roratnia, a po niej\u00a0<strong>spotkanie dla rodzic\u00f3w i dzieci I Komunijnych w ko\u015bciele.<\/strong><\/li>\n\n\n\n<li>Zwi\u0105zek ma\u0142\u017ce\u0144ski maj\u0105 zamiar zawrze\u0107: Adam GADOMSKI z Sosnowca oraz Julia ZIENIEWICZ z Sosnowca, zapowied\u017a III.<\/li>\n\n\n\n<li>W tym tygodniu przypada I czwartek, I pi\u0105tek i I sobota miesi\u0105ca. W sobot\u0119, 6.12.:\n<ul class=\"wp-block-list\">\n<li>po Mszy \u015bw. porannej zapraszamy na r\u00f3\u017caniec wynagradzaj\u0105cy;<\/li>\n<\/ul>\n<\/li>\n<\/ol>\n\n\n\n<ul class=\"wp-block-list\">\n<li>nie b\u0119dzie odwiedzin chorych w tym tygodniu &#8211; przed\u015bwi\u0105teczne odwiedziny chorych b\u0119d\u0105 mia\u0142y miejsce w sobot\u0119, 20 grudnia;<\/li>\n\n\n\n<li>o godz. 9.00 spotkanie Liturgicznej S\u0142u\u017cby O\u0142tarza;<\/li>\n\n\n\n<li>godz. 10.00 spotkanie Dzieci Maryi i kandydatek;<\/li>\n\n\n\n<li>o godz. 17.00 nauka przedchrzcielna w salce przy plebanii.<\/li>\n<\/ul>\n\n\n\n<ol start=\"7\" class=\"wp-block-list\">\n<li><strong>W przysz\u0142\u0105 niedziel\u0119, 7 grudnia, przypada II Niedziela Adwentu:<\/strong><\/li>\n<\/ol>\n\n\n\n<ul class=\"wp-block-list\">\n<li>kolekta przeznaczona b\u0119dzie na rzecz kurii i seminarium duchownego w Opolu;<\/li>\n\n\n\n<li>po Mszach \u015bw. zbi\u00f3rka do puszek na sprz\u0105tanie naszego ko\u015bcio\u0142a w grudniu;<\/li>\n\n\n\n<li>b\u0119dziemy obchodzili Dzie\u0144 modlitwy i pomocy materialnej Ko\u015bcio\u0142owi na Wschodzie. Celem tego dnia jest duchowe i materialne wsparcie Ko\u015bcio\u0142a katolickiego w krajach Europy Wschodniej i Azji \u015arodkowej, czyli na Bia\u0142orusi, Litwie, \u0141otwie, Estonii i Ukrainie, w Rosji, Mo\u0142dawii, Armenii, Gruzji, Kazachstanie, Tad\u017cykistanie, Kirgizji i Uzbekistanie. Wyrazem naszej solidarno\u015bci b\u0119dzie modlitwa w intencji Ko\u015bcio\u0142a na Wschodzie w czasie Mszy \u015bw., a tak\u017ce zbi\u00f3rka na ten cel w ramach kolekty.\u00a0\u00a0<\/li>\n<\/ul>\n\n\n\n<p><strong>8<\/strong><strong>.<\/strong>&nbsp;<strong>Duszpasterze Bractwa \u015bw. J\u00f3zefa<\/strong>&nbsp;zapraszaj\u0105 na adwentowe spotkanie formacyjne dla rejonu Racib\u00f3rz, kt\u00f3re odb\u0119dzie si\u0119 w czwartek, 11 grudnia o godz. 18.00 w Diecezjalnym Domu Formacyjnym w Raciborzu-Miedoni. W programie: Msza \u015bw. sprawowana w intencji Bractwa, nabo\u017ce\u0144stwo oraz braterskie spotkanie.<\/p>\n\n\n\n<ol start=\"9\" class=\"wp-block-list\">\n<li>W minionym tygodniu odprowadzili\u015bmy na wieczny spoczynek czworo naszych Parafian. W\u015br\u00f3d nich byli:\u00a0<strong>\u015bp. Gertruda<\/strong>\u00a0<strong>PYKA<\/strong>\u00a0(lat 90) z ul. Rudzkiej;<strong>\u00a0\u015bp. Piotr MROS\u00a0<\/strong>(lat 52) z ul. Cecylii &#8211; nadzwyczajny szafarz Komunii \u015bw. z Ostroga,<strong>\u00a0\u015bp. Stanis\u0142aw PI\u0104TEK\u00a0<\/strong>(lat 89) z ul. Rodziewicz\u00f3wny,\u00a0<strong>\u015bp. Czes\u0142aw SIKLICKI\u00a0<\/strong>(lat 76) z ul. Kr\u00f3lewskiej.<\/li>\n<\/ol>\n\n\n\n<p>Polecajmy Ich mi\u0142osierdziu Bo\u017cemu:&nbsp;<em>Wieczny odpoczynek racz Im da\u0107, Panie\u2026<\/em><\/p>\n","protected":false},"excerpt":{"rendered":"<p>1. Prze\u017cywamy dzi\u015b I Niedziel\u0119 Adwentu: &nbsp;2.&nbsp;Od poniedzia\u0142ku, 1.12., zaczynamy RORATY: UWAGA! Przypominamy, \u017ce wieczorne Msze \u015bw. od poniedzia\u0142ku do pi\u0105tku w czasie adwentu b\u0119d\u0105 odprawiane o godz. 17.00 (w soboty o godz. 18.00), w zwi\u0105zku z tym: 8.&nbsp;Duszpasterze Bractwa \u015bw. J\u00f3zefa&nbsp;zapraszaj\u0105 na adwentowe spotkanie formacyjne dla rejonu Racib\u00f3rz, kt\u00f3re odb\u0119dzie si\u0119 w czwartek, 11 [&hellip;]<\/p>\n","protected":false},"author":1,"featured_media":0,"comment_status":"closed","ping_status":"open","sticky":false,"template":"","format":"standard","meta":{"footnotes":""},"categories":[8],"tags":[],"class_list":["post-430","post","type-post","status-publish","format-standard","hentry","category-ogloszenia"],"_links":{"self":[{"href":"https:\/\/www.parafiaostrog.pl\/index.php?rest_route=\/wp\/v2\/posts\/430","targetHints":{"allow":["GET"]}}],"collection":[{"href":"https:\/\/www.parafiaostrog.pl\/index.php?rest_route=\/wp\/v2\/posts"}],"about":[{"href":"https:\/\/www.parafiaostrog.pl\/index.php?rest_route=\/wp\/v2\/types\/post"}],"author":[{"embeddable":true,"href":"https:\/\/www.parafiaostrog.pl\/index.php?rest_route=\/wp\/v2\/users\/1"}],"replies":[{"embeddable":true,"href":"https:\/\/www.parafiaostrog.pl\/index.php?rest_route=%2Fwp%2Fv2%2Fcomments&post=430"}],"version-history":[{"count":2,"href":"https:\/\/www.parafiaostrog.pl\/index.php?rest_route=\/wp\/v2\/posts\/430\/revisions"}],"predecessor-version":[{"id":441,"href":"https:\/\/www.parafiaostrog.pl\/index.php?rest_route=\/wp\/v2\/posts\/430\/revisions\/441"}],"wp:attachment":[{"href":"https:\/\/www.parafiaostrog.pl\/index.php?rest_route=%2Fwp%2Fv2%2Fmedia&parent=430"}],"wp:term":[{"taxonomy":"category","embeddable":true,"href":"https:\/\/www.parafiaostrog.pl\/index.php?rest_route=%2Fwp%2Fv2%2Fcategories&post=430"},{"taxonomy":"post_tag","embeddable":true,"href":"https:\/\/www.parafiaostrog.pl\/index.php?rest_route=%2Fwp%2Fv2%2Ftags&post=430"}],"curies":[{"name":"wp","href":"https:\/\/api.w.org\/{rel}","templated":true}]}}