{"id":375,"date":"2025-11-03T13:16:30","date_gmt":"2025-11-03T12:16:30","guid":{"rendered":"https:\/\/www.nowa.parafiaostrog.pl\/?p=375"},"modified":"2025-12-19T14:27:49","modified_gmt":"2025-12-19T13:27:49","slug":"intencje-dla-roz-rozancowych","status":"publish","type":"post","link":"https:\/\/www.parafiaostrog.pl\/?p=375","title":{"rendered":"Intencje dla R\u00f3\u017c R\u00f3\u017ca\u0144cowych &#8211; listopad 2025"},"content":{"rendered":"\n<p><strong>INTENCJE DLA R\u00d3\u017b R\u00d3\u017bA\u0143COWYCH \u2013 LISTOPAD 2025 r.<\/strong><br>INTENCJA G\u0141\u00d3WNA \u2013 PAPIESKA DLA WSZYSTKICH R\u00d3\u017b:<br>o umiej\u0119tno\u015b\u0107 zapobiegania samob\u00f3jstwom:<br>m\u00f3dlmy si\u0119, aby osoby, kt\u00f3re do\u015bwiadczaj\u0105 pokusy pope\u0142nienia samob\u00f3jstwa, znalaz\u0142y<br>w swoich wsp\u00f3lnotach potrzebne im wsparcie, pomoc oraz mi\u0142o\u015b\u0107 i otworzy\u0142y si\u0119 na pi\u0119kno<br>\u017cycia.<br>DODATKOWE INTENCJE DLA POSZCZEG\u00d3LNYCH R\u00d3\u017b:<br>1. R\u00d3\u017bA \u015aW. TERESKI OD DZIECI\u0104TKA JEZUS<br>modli si\u0119 za Duszpasterzy pracuj\u0105cych w naszej parafii, aby dobry B\u00f3g umacnia\u0142 ich<br>w powo\u0142aniu i obdarza\u0142 potrzebnymi \u0142askami.<br>2. R\u00d3\u017bA MATKI BO\u017bEJ R\u00d3\u017bA\u0143COWEJ<br>modli si\u0119 o liczne, \u015bwi\u0119te powo\u0142ania kap\u0142a\u0144skie, zakonne i misyjne, szczeg\u00f3lnie z naszej parafii<br>oraz za wywodz\u0105cych si\u0119 z Ostroga ks. Marcina Ja\u015bkowskiego, s. Nazari\u0119, s. Damaris<br>i s. Hann\u0119.<br>3. R\u00d3\u017bA \u015aW. JANA PAW\u0141A II<br>modli si\u0119 za misjonarzy, aby Pan Jezus wspiera\u0142 ich w trudnej pracy, dawa\u0142 im si\u0142\u0119, \u015bwiat\u0142o<br>i odwag\u0119, by mogli nie\u015b\u0107 Ewangeli\u0119 i g\u0142osi\u0107 j\u0105 tym, kt\u00f3rzy jej nie znaj\u0105.<br>4. R\u00d3\u017bA \u015aW. SIOSTRY FAUSTYNY<br>modli si\u0119 za nadzwyczajnych szafarzy, ministrant\u00f3w, marianki i r\u00f3\u017ce r\u00f3\u017ca\u0144cowe z naszej<br>parafii, aby wiernie wype\u0142niali swoje obowi\u0105zki i byli przyk\u0142adem dla swojego otoczenia.<br>5. R\u00d3\u017bA BO\u017bEGO MI\u0141OSIERDZIA<br>modli si\u0119 za nasz\u0105 Ojczyzn\u0119 o Bo\u017ce b\u0142ogos\u0142awie\u0144stwo oraz o wolno\u015b\u0107, sprawiedliwo\u015b\u0107, pok\u00f3j<br>i wykorzenienie zgubnych na\u0142og\u00f3w w naszym Narodzie.<br>6. R\u00d3\u017bA B\u0141. CZES\u0141AWA<br>modli si\u0119 za zmar\u0142ych cz\u0142onk\u00f3w \u017bywego R\u00f3\u017ca\u0144ca naszej parafii, by mogli cieszy\u0107 si\u0119 \u017cyciem<br>wiecznym w chwale nieba.<br>7. R\u00d3\u017bA \u015aW. OJCA PIO<br>modli si\u0119 za chorych i cierpi\u0105cych, aby B\u00f3g dodawa\u0142 im si\u0142 i pocieszenia w niesieniu swojego<br>krzy\u017ca.<br>8. R\u00d3\u017bA \u015aW. JANA BOSKO<br>modli si\u0119 za ludzi m\u0142odych, aby ochoczo i odwa\u017cnie odpowiadali na g\u0142os Bo\u017cy wzywaj\u0105cy ich<br>do s\u0142u\u017cby w Ko\u015bciele.<br>9. R\u00d3\u017bA \u015aW. JANA CHRZCICIELA<br>modli si\u0119 za Ojca \u015awi\u0119tego Leona XIV o potrzebne \u0142aski i \u015bwiat\u0142o Ducha \u015awi\u0119tego<br>w kierowaniu Ko\u015bcio\u0142em Chrystusowym.<br>10. R\u00d3\u017bA DEKANALNA B\u0141OGOS\u0141AWIONYCH<br>O. MICHA\u0141A TOMASZKA i O. ZBIGNIEWA STRZA\u0141KOWSKIEGO<br>modli si\u0119 za zmar\u0142ych, kt\u00f3rzy g\u0142osili Ewangeli\u0119 w kraju i na \u015bwiecie, szczeg\u00f3lnie z Diecezji<br>Opolskiej oraz za zmar\u0142ych cz\u0142onk\u00f3w \u017bywego R\u00f3\u017ca\u0144ca i wszystkich zmar\u0142ych z naszej diecezji.<\/p>\n","protected":false},"excerpt":{"rendered":"<p>INTENCJE DLA R\u00d3\u017b R\u00d3\u017bA\u0143COWYCH \u2013 LISTOPAD 2025 r.INTENCJA G\u0141\u00d3WNA \u2013 PAPIESKA DLA WSZYSTKICH R\u00d3\u017b:o umiej\u0119tno\u015b\u0107 zapobiegania samob\u00f3jstwom:m\u00f3dlmy si\u0119, aby osoby, kt\u00f3re do\u015bwiadczaj\u0105 pokusy pope\u0142nienia samob\u00f3jstwa, znalaz\u0142yw swoich wsp\u00f3lnotach potrzebne im wsparcie, pomoc oraz mi\u0142o\u015b\u0107 i otworzy\u0142y si\u0119 na pi\u0119kno\u017cycia.DODATKOWE INTENCJE DLA POSZCZEG\u00d3LNYCH R\u00d3\u017b:1. R\u00d3\u017bA \u015aW. TERESKI OD DZIECI\u0104TKA JEZUSmodli si\u0119 za Duszpasterzy pracuj\u0105cych w naszej [&hellip;]<\/p>\n","protected":false},"author":1,"featured_media":0,"comment_status":"closed","ping_status":"closed","sticky":false,"template":"","format":"standard","meta":{"footnotes":""},"categories":[10],"tags":[],"class_list":["post-375","post","type-post","status-publish","format-standard","hentry","category-wydarzenia"],"_links":{"self":[{"href":"https:\/\/www.parafiaostrog.pl\/index.php?rest_route=\/wp\/v2\/posts\/375","targetHints":{"allow":["GET"]}}],"collection":[{"href":"https:\/\/www.parafiaostrog.pl\/index.php?rest_route=\/wp\/v2\/posts"}],"about":[{"href":"https:\/\/www.parafiaostrog.pl\/index.php?rest_route=\/wp\/v2\/types\/post"}],"author":[{"embeddable":true,"href":"https:\/\/www.parafiaostrog.pl\/index.php?rest_route=\/wp\/v2\/users\/1"}],"replies":[{"embeddable":true,"href":"https:\/\/www.parafiaostrog.pl\/index.php?rest_route=%2Fwp%2Fv2%2Fcomments&post=375"}],"version-history":[{"count":3,"href":"https:\/\/www.parafiaostrog.pl\/index.php?rest_route=\/wp\/v2\/posts\/375\/revisions"}],"predecessor-version":[{"id":445,"href":"https:\/\/www.parafiaostrog.pl\/index.php?rest_route=\/wp\/v2\/posts\/375\/revisions\/445"}],"wp:attachment":[{"href":"https:\/\/www.parafiaostrog.pl\/index.php?rest_route=%2Fwp%2Fv2%2Fmedia&parent=375"}],"wp:term":[{"taxonomy":"category","embeddable":true,"href":"https:\/\/www.parafiaostrog.pl\/index.php?rest_route=%2Fwp%2Fv2%2Fcategories&post=375"},{"taxonomy":"post_tag","embeddable":true,"href":"https:\/\/www.parafiaostrog.pl\/index.php?rest_route=%2Fwp%2Fv2%2Ftags&post=375"}],"curies":[{"name":"wp","href":"https:\/\/api.w.org\/{rel}","templated":true}]}}